{"id":167260,"date":"2026-05-01T10:59:09","date_gmt":"2026-05-01T10:59:09","guid":{"rendered":"https:\/\/www.europesays.com\/ee\/167260\/"},"modified":"2026-05-01T10:59:09","modified_gmt":"2026-05-01T10:59:09","slug":"annelinna-elanik-suudistab-meest-ahvardamises-ja-varguses-politsei-hinnangul-on-tegu-naabritevahelise-tuliga","status":"publish","type":"post","link":"https:\/\/www.europesays.com\/ee\/167260\/","title":{"rendered":"Annelinna elanik s\u00fc\u00fcdistab meest \u00e4hvardamises ja varguses, politsei hinnangul on tegu naabritevahelise t\u00fcliga"},"content":{"rendered":"<p>Annelinna elanik Alina postitas Facebooki grupis \u00abM\u00e4rgatud: Tartus\u00bb pildi hallip\u00e4isest mehest, kes n\u00e4itab kaamerasse keskmist s\u00f5rme. Tema v\u00e4itel on tegu mehega, kes \u00e4hvardab inimesi tapmisega, varastab ning tarvitab narkootikume ja on sellega ohuks \u00fcmberkaudsetele elanikele.<br \/>Ka v\u00e4itis Alina, et politsei ei ole tema avaldust v\u00e4idetavate \u00e4hvarduste seni menetlusse v\u00f5etud.<br \/>\u00abKahjuks pean teatama, et minu avaldust selle isiku suhtes ei v\u00f5etud ka teist korda menetlusse. P\u00f5hjuseks toodi t\u00f5endite puudumine v\u00e4idetavate \u00e4hvarduste kohta,\u00bb kirjutas ta. Samas l\u00fckkas Alina tagasi v\u00e4ited, nagu oleks ta ise konflikti provotseerinud: \u00abEi vasta t\u00f5ele selle isiku v\u00e4ited, justkui oleksin mina olukorda provotseerinud.\u00bb<\/p>\n","protected":false},"excerpt":{"rendered":"Annelinna elanik Alina postitas Facebooki grupis \u00abM\u00e4rgatud: Tartus\u00bb pildi hallip\u00e4isest mehest, kes n\u00e4itab kaamerasse keskmist s\u00f5rme. Tema v\u00e4itel&hellip;\n","protected":false},"author":2,"featured_media":167261,"comment_status":"","ping_status":"","sticky":false,"template":"","format":"standard","meta":{"footnotes":"","_share_on_mastodon":"0"},"categories":[80],"tags":[3289,4843,26,27,37,33,35,34,36,31,32,21,77828,71400,7137,28,29,95,36289,77827,19,353,25,77829,77830,249,23,24,22,20,30,92,93,94],"class_list":["post-167260","post","type-post","status-publish","format-standard","has-post-thumbnail","category-maailm","tag-ahvardamine","tag-annelinn","tag-breaking-news","tag-breakingnews","tag-ee","tag-eesti","tag-eesti-keel","tag-estonia","tag-estonian","tag-featured-news","tag-featurednews","tag-headlines","tag-kalda-tee","tag-kogukonna-turvalisus","tag-kriminaalmenetlus","tag-latest-news","tag-latestnews","tag-maailm","tag-margatud-tartus","tag-naabritevaheline-konflikt","tag-news","tag-politsei","tag-populaarseimad-lood","tag-raino-room","tag-saare-maxima","tag-tartu","tag-top-stories","tag-topstories","tag-uldised-uudised","tag-uudised","tag-viimased-uudised","tag-world","tag-world-news","tag-worldnews"],"share_on_mastodon":{"url":"","error":"Validation failed: Text character limit of 500 exceeded"},"_links":{"self":[{"href":"https:\/\/www.europesays.com\/ee\/wp-json\/wp\/v2\/posts\/167260","targetHints":{"allow":["GET"]}}],"collection":[{"href":"https:\/\/www.europesays.com\/ee\/wp-json\/wp\/v2\/posts"}],"about":[{"href":"https:\/\/www.europesays.com\/ee\/wp-json\/wp\/v2\/types\/post"}],"author":[{"embeddable":true,"href":"https:\/\/www.europesays.com\/ee\/wp-json\/wp\/v2\/users\/2"}],"replies":[{"embeddable":true,"href":"https:\/\/www.europesays.com\/ee\/wp-json\/wp\/v2\/comments?post=167260"}],"version-history":[{"count":0,"href":"https:\/\/www.europesays.com\/ee\/wp-json\/wp\/v2\/posts\/167260\/revisions"}],"wp:featuredmedia":[{"embeddable":true,"href":"https:\/\/www.europesays.com\/ee\/wp-json\/wp\/v2\/media\/167261"}],"wp:attachment":[{"href":"https:\/\/www.europesays.com\/ee\/wp-json\/wp\/v2\/media?parent=167260"}],"wp:term":[{"taxonomy":"category","embeddable":true,"href":"https:\/\/www.europesays.com\/ee\/wp-json\/wp\/v2\/categories?post=167260"},{"taxonomy":"post_tag","embeddable":true,"href":"https:\/\/www.europesays.com\/ee\/wp-json\/wp\/v2\/tags?post=167260"}],"curies":[{"name":"wp","href":"https:\/\/api.w.org\/{rel}","templated":true}]}}