{"id":167355,"date":"2026-05-01T13:44:31","date_gmt":"2026-05-01T13:44:31","guid":{"rendered":"https:\/\/www.europesays.com\/ee\/167355\/"},"modified":"2026-05-01T13:44:31","modified_gmt":"2026-05-01T13:44:31","slug":"starmer-lubas-rakendada-meetmeid-juudi-kogukonna-kaitsmiseks-valismaa","status":"publish","type":"post","link":"https:\/\/www.europesays.com\/ee\/167355\/","title":{"rendered":"Starmer lubas rakendada meetmeid juudi kogukonna kaitsmiseks | V\u00e4lismaa"},"content":{"rendered":"<p>Suurbritannia pealinnas Londonis on toimunud mitu antisemiitlikku r\u00fcnnakut ning peaminister Keir Starmer lubas rakendada meetmeid juudi kogukonna kaitsmiseks.<\/p>\n<p>Starmer lubas saata juudi kogukondade piirkondadesse rohkem politseinikke ning t\u00f5kestada antisemitismi levikut.<\/p>\n<p>&#8220;Inimesed on hirmul, kardavad n\u00e4idata, kes nad oma kogukonnas on, kardavad minna s\u00fcnagoogi ja praktiseerida oma usku, kardavad minna \u00fclikooli juudina, saata oma lapsi kooli juudina, \u00f6elda oma kolleegidele, et nad on juudid,&#8221; teatas Starmer.\u00a0<\/p>\n<p>Kolmap\u00e4eval pussitas r\u00fcndaja P\u00f5hja-Londonis Golders Greenis noaga kaht juudi meest. Kahtlusalune on 45-aastane Somaalias s\u00fcndinud Briti kodanik. Briti meedia teatel on ta varem seadusega pahuksis olnud.\u00a0<\/p>\n<p>Kaks ohvrit, 76- ja 34-aastane, viidi haiglasse ning nende seisund on stabiilne. \u00dcks ohvritest, 34-aastane Shloime Rand, \u00fctles, et Londoni t\u00e4navad ei ole juudi kogukonnale ohutud.<\/p>\n<p>Starmerile avaldatakse n\u00fc\u00fcd \u00fcha suuremat survet, et ta v\u00f5taks Briti juutide kaitsmiseks kasutusele karmimaid meetmeid.<\/p>\n<p>Starmer lubas kaitsta umbes 290 000-liikmelist juudi kogukonda ning kinnitas, et &#8220;valitsus teeb k\u00f5ik endast oleneva, et see vihkamine maha suruda&#8221;.\u00a0<\/p>\n<p>Briti valitsus on ka \u00f6elnud, et kiirendab seadusandlust, mis v\u00f5imaldab esitada s\u00fc\u00fcdistuse inimestele, kes tegutsevad riiklikult toetatud r\u00fchmituste esindajatena, et neid saaks kohelda samamoodi nagu v\u00e4lisriikide luureteenistuste spioone.<\/p>\n<p>&#8220;Me vajame rohkem volitusi, et v\u00f5idelda pahatahtliku ohuga, mida kujutavad endast sellised riigid nagu Iraan, sest me teame kindlalt, et nad tahavad Briti juutidele kahju teha,&#8221; \u00fctles Starmer.<\/p>\n<p>Valitsuse s\u00f5ltumatu terrorismialaste \u00f5igusaktide \u00fclevaataja Jonathan Hall kutsus aga \u00fcles kehtestama moratooriumi Palestiina-meelsetele meeleavaldustele, mis tema s\u00f5nul soodustavad antisemitismi.<\/p>\n","protected":false},"excerpt":{"rendered":"Suurbritannia pealinnas Londonis on toimunud mitu antisemiitlikku r\u00fcnnakut ning peaminister Keir Starmer lubas rakendada meetmeid juudi kogukonna kaitsmiseks.&hellip;\n","protected":false},"author":2,"featured_media":167356,"comment_status":"","ping_status":"","sticky":false,"template":"","format":"standard","meta":{"footnotes":"","_share_on_mastodon":"0"},"categories":[80],"tags":[4141,26,27,37,33,35,34,36,31,32,21,993,28,29,95,19,25,660,23,24,22,20,30,92,93,94],"class_list":["post-167355","post","type-post","status-publish","format-standard","has-post-thumbnail","category-maailm","tag-antisemitism","tag-breaking-news","tag-breakingnews","tag-ee","tag-eesti","tag-eesti-keel","tag-estonia","tag-estonian","tag-featured-news","tag-featurednews","tag-headlines","tag-keir-starmer","tag-latest-news","tag-latestnews","tag-maailm","tag-news","tag-populaarseimad-lood","tag-suurbritannia","tag-top-stories","tag-topstories","tag-uldised-uudised","tag-uudised","tag-viimased-uudised","tag-world","tag-world-news","tag-worldnews"],"share_on_mastodon":{"url":"https:\/\/pubeurope.com\/@ee\/116499622459177824","error":""},"_links":{"self":[{"href":"https:\/\/www.europesays.com\/ee\/wp-json\/wp\/v2\/posts\/167355","targetHints":{"allow":["GET"]}}],"collection":[{"href":"https:\/\/www.europesays.com\/ee\/wp-json\/wp\/v2\/posts"}],"about":[{"href":"https:\/\/www.europesays.com\/ee\/wp-json\/wp\/v2\/types\/post"}],"author":[{"embeddable":true,"href":"https:\/\/www.europesays.com\/ee\/wp-json\/wp\/v2\/users\/2"}],"replies":[{"embeddable":true,"href":"https:\/\/www.europesays.com\/ee\/wp-json\/wp\/v2\/comments?post=167355"}],"version-history":[{"count":0,"href":"https:\/\/www.europesays.com\/ee\/wp-json\/wp\/v2\/posts\/167355\/revisions"}],"wp:featuredmedia":[{"embeddable":true,"href":"https:\/\/www.europesays.com\/ee\/wp-json\/wp\/v2\/media\/167356"}],"wp:attachment":[{"href":"https:\/\/www.europesays.com\/ee\/wp-json\/wp\/v2\/media?parent=167355"}],"wp:term":[{"taxonomy":"category","embeddable":true,"href":"https:\/\/www.europesays.com\/ee\/wp-json\/wp\/v2\/categories?post=167355"},{"taxonomy":"post_tag","embeddable":true,"href":"https:\/\/www.europesays.com\/ee\/wp-json\/wp\/v2\/tags?post=167355"}],"curies":[{"name":"wp","href":"https:\/\/api.w.org\/{rel}","templated":true}]}}