{"id":167360,"date":"2026-05-01T13:53:07","date_gmt":"2026-05-01T13:53:07","guid":{"rendered":"https:\/\/www.europesays.com\/ee\/167360\/"},"modified":"2026-05-01T13:53:07","modified_gmt":"2026-05-01T13:53:07","slug":"nomme-kalju-voitis-narvas-ja-tousis-tabeli-tippu","status":"publish","type":"post","link":"https:\/\/www.europesays.com\/ee\/167360\/","title":{"rendered":"N\u00f5mme Kalju v\u00f5itis Narvas ja t\u00f5usis tabeli tippu"},"content":{"rendered":"<p>377 pealtvaataja ees peetud kohtumises l\u00f5id Kalju v\u00e4ravad Nikita Ivanov 30., Oleksandr Musolitin 39. ja  Tiago Baptista 85. minutil. <\/p>\n<p>Kohtumise l\u00f5pus oli k\u00fclalistel hea v\u00f5imalus ka neljanda v\u00e4rava l\u00f6\u00f6miseks, kui teeniti penalti, ent Ibrahim Jabir 11 meetri karistusl\u00f6\u00f6ki realiseerida ei suutnud.<\/p>\n<p>Alates teise poolaja algusest, 51. minutist m\u00e4ngis Trans v\u00e4hemuses, sest  Yayra Josue Doke teenis teise kollase kaardi.<\/p>\n<p>Kalju m\u00e4ngumees <a rel=\"noopener nofollow\" target=\"_blank\" href=\"https:\/\/www.delfi.ee\/teema\/96880566\/rommi-siht\" tag-id=\"96880566\">Rommi Siht<\/a> \u00fctles, et meeskond j\u00e4\u00e4b t\u00e4nase m\u00e4nguga \u00fcldpildis rahule. \u201eSuutsime m\u00e4ngu domineerida,\u201c lausus ta ERRi otse\u00fclekandes. \u201eKindlasti on asju, mida saab parandada, aga ka t\u00e4na t\u00f5estasime, et suudame m\u00e4ngu 90 minutit kontrollida.\u201c<\/p>\n<p>N\u00f5mme Kaljul on n\u00fc\u00fcd tabelis 22 punkti, m\u00e4ngu v\u00e4hem pidanud senine liider <a rel=\"noopener nofollow\" target=\"_blank\" href=\"https:\/\/www.delfi.ee\/teema\/80520168\/fci-levadia\" tag-id=\"80520168\">FCI Levadia<\/a> j\u00e4\u00e4b neist maha punktiga ja FC Flora nelja silmaga. Trans j\u00e4tkab kuue punktiga viimasel kohal.<\/p>\n<p>Levadia kohtub homme v\u00f5\u00f5rsil FC Kuressaarega.<\/p>\n<p>Kuidas see lugu Sind end tundma pani? Saada <a href=\"https:\/\/sport.delfi.ee\/artikkel\/120572492\/nomme-kalju-voitis-narvas-ja-tousis-tabeli-tippu\/kommentaarid\" class=\"article-body-bottom__comment article-body-bottom__comment--write button button--primary button--size-auto\" rel=\"nofollow noopener\" target=\"_blank\"> Kommenteeri <\/a><a href=\"https:\/\/sport.delfi.ee\/artikkel\/120572492\/nomme-kalju-voitis-narvas-ja-tousis-tabeli-tippu\/kommentaarid\" class=\"article-body-bottom__comment article-body-bottom__comment--read button button--size-auto\" rel=\"nofollow noopener\" target=\"_blank\"> Loe kommentaare (1)<\/a><\/p>\n","protected":false},"excerpt":{"rendered":"377 pealtvaataja ees peetud kohtumises l\u00f5id Kalju v\u00e4ravad Nikita Ivanov 30., Oleksandr Musolitin 39. ja Tiago Baptista 85.&hellip;\n","protected":false},"author":2,"featured_media":167361,"comment_status":"","ping_status":"","sticky":false,"template":"","format":"standard","meta":{"footnotes":"","_share_on_mastodon":"0"},"categories":[18],"tags":[37,33,35,34,36,1572,172,1359,4735,159,158],"class_list":["post-167360","post","type-post","status-publish","format-standard","has-post-thumbnail","category-sport","tag-ee","tag-eesti","tag-eesti-keel","tag-estonia","tag-estonian","tag-fci-levadia","tag-jalgpall","tag-nomme-kalju","tag-rommi-siht","tag-sport","tag-sports"],"share_on_mastodon":{"url":"https:\/\/pubeurope.com\/@ee\/116499658097696178","error":""},"_links":{"self":[{"href":"https:\/\/www.europesays.com\/ee\/wp-json\/wp\/v2\/posts\/167360","targetHints":{"allow":["GET"]}}],"collection":[{"href":"https:\/\/www.europesays.com\/ee\/wp-json\/wp\/v2\/posts"}],"about":[{"href":"https:\/\/www.europesays.com\/ee\/wp-json\/wp\/v2\/types\/post"}],"author":[{"embeddable":true,"href":"https:\/\/www.europesays.com\/ee\/wp-json\/wp\/v2\/users\/2"}],"replies":[{"embeddable":true,"href":"https:\/\/www.europesays.com\/ee\/wp-json\/wp\/v2\/comments?post=167360"}],"version-history":[{"count":0,"href":"https:\/\/www.europesays.com\/ee\/wp-json\/wp\/v2\/posts\/167360\/revisions"}],"wp:featuredmedia":[{"embeddable":true,"href":"https:\/\/www.europesays.com\/ee\/wp-json\/wp\/v2\/media\/167361"}],"wp:attachment":[{"href":"https:\/\/www.europesays.com\/ee\/wp-json\/wp\/v2\/media?parent=167360"}],"wp:term":[{"taxonomy":"category","embeddable":true,"href":"https:\/\/www.europesays.com\/ee\/wp-json\/wp\/v2\/categories?post=167360"},{"taxonomy":"post_tag","embeddable":true,"href":"https:\/\/www.europesays.com\/ee\/wp-json\/wp\/v2\/tags?post=167360"}],"curies":[{"name":"wp","href":"https:\/\/api.w.org\/{rel}","templated":true}]}}