{"id":167368,"date":"2026-05-01T14:04:09","date_gmt":"2026-05-01T14:04:09","guid":{"rendered":"https:\/\/www.europesays.com\/ee\/167368\/"},"modified":"2026-05-01T14:04:09","modified_gmt":"2026-05-01T14:04:09","slug":"torva-vorkpallurid-kindlustasid-eesti-meistritiitli-enne-finaaletappi","status":"publish","type":"post","link":"https:\/\/www.europesays.com\/ee\/167368\/","title":{"rendered":"T\u00f5rva v\u00f5rkpallurid kindlustasid Eesti meistritiitli enne finaaletappi"},"content":{"rendered":"<p>Traditsiooniliselt on Eesti meistriv\u00f5istlustel kavas kuus etappi, mis viivad v\u00f5istlejad erinevatesse Eestimaa otstesse v\u00f5rkpallilahinguid pidama. Kui eelmisel aastal pakkus turniir p\u00f5nevust l\u00f5puni v\u00e4lja ning 15 kohapunktiga l\u00f5petanud Tiigimeistrid\/T\u00f5rva Pall edestas h\u00f5bedast Neemecot vaid kolme silmaga, siis sel aastal on n\u00e4idanud T\u00f5rva meeskond t\u00f5elist \u00fclemv\u00f5imu.<\/p>\n","protected":false},"excerpt":{"rendered":"Traditsiooniliselt on Eesti meistriv\u00f5istlustel kavas kuus etappi, mis viivad v\u00f5istlejad erinevatesse Eestimaa otstesse v\u00f5rkpallilahinguid pidama. Kui eelmisel aastal&hellip;\n","protected":false},"author":2,"featured_media":167369,"comment_status":"","ping_status":"","sticky":false,"template":"","format":"standard","meta":{"footnotes":"","_share_on_mastodon":"0"},"categories":[18],"tags":[77876,37,33,35,63938,34,36,77877,77875,77873,159,158,77871,13630,77872,77874],"class_list":["post-167368","post","type-post","status-publish","format-standard","has-post-thumbnail","category-sport","tag-40-vanuseklass","tag-ee","tag-eesti","tag-eesti-keel","tag-eesti-meistrivoistlused-vorkpallis","tag-estonia","tag-estonian","tag-nuustaku","tag-ragnar-pahn","tag-riiska-vorkpallivaljakud","tag-sport","tag-sports","tag-tiigimeistrid-torva-pall","tag-torva","tag-veteranide-sport","tag-viljo-joela"],"share_on_mastodon":{"url":"https:\/\/pubeurope.com\/@ee\/116499701064470024","error":""},"_links":{"self":[{"href":"https:\/\/www.europesays.com\/ee\/wp-json\/wp\/v2\/posts\/167368","targetHints":{"allow":["GET"]}}],"collection":[{"href":"https:\/\/www.europesays.com\/ee\/wp-json\/wp\/v2\/posts"}],"about":[{"href":"https:\/\/www.europesays.com\/ee\/wp-json\/wp\/v2\/types\/post"}],"author":[{"embeddable":true,"href":"https:\/\/www.europesays.com\/ee\/wp-json\/wp\/v2\/users\/2"}],"replies":[{"embeddable":true,"href":"https:\/\/www.europesays.com\/ee\/wp-json\/wp\/v2\/comments?post=167368"}],"version-history":[{"count":0,"href":"https:\/\/www.europesays.com\/ee\/wp-json\/wp\/v2\/posts\/167368\/revisions"}],"wp:featuredmedia":[{"embeddable":true,"href":"https:\/\/www.europesays.com\/ee\/wp-json\/wp\/v2\/media\/167369"}],"wp:attachment":[{"href":"https:\/\/www.europesays.com\/ee\/wp-json\/wp\/v2\/media?parent=167368"}],"wp:term":[{"taxonomy":"category","embeddable":true,"href":"https:\/\/www.europesays.com\/ee\/wp-json\/wp\/v2\/categories?post=167368"},{"taxonomy":"post_tag","embeddable":true,"href":"https:\/\/www.europesays.com\/ee\/wp-json\/wp\/v2\/tags?post=167368"}],"curies":[{"name":"wp","href":"https:\/\/api.w.org\/{rel}","templated":true}]}}