{"id":167526,"date":"2026-05-01T18:40:17","date_gmt":"2026-05-01T18:40:17","guid":{"rendered":"https:\/\/www.europesays.com\/ee\/167526\/"},"modified":"2026-05-01T18:40:17","modified_gmt":"2026-05-01T18:40:17","slug":"viimsi-sai-hooaja-viienda-voidu-kalev-ja-unitedi-duubel-pidasid-maha-kaheksavaravalise-lahingu-soccernet-ee","status":"publish","type":"post","link":"https:\/\/www.europesays.com\/ee\/167526\/","title":{"rendered":"Viimsi sai hooaja viienda v\u00f5idu, Kalev ja Unitedi duubel pidasid maha kaheksav\u00e4ravalise lahingu &#8211; Soccernet.ee"},"content":{"rendered":"<p><img decoding=\"async\" src=\"https:\/\/www.europesays.com\/ee\/wp-content\/uploads\/2026\/05\/1777636332.jpg\" alt=\"Viimsi teenis Esiliigas hooaja viienda v\u00f5idu. Foto: Katariina Peetson \/ jalgpall.ee\"\/>&#13;\n<\/p>\n<p>Viimsi sai Esiliigas kahe viigi ja kahe kaotuse k\u00f5rvale hooaja viienda v\u00f5idu, alistades v\u00f5\u00f5rsil 2:1 FCI Levadia duubelmeeskonna.<\/p>\n<p>Viimsi haaras juhtohjad 12. minutil, kui James Murage madala s\u00f6\u00f6du ja Levadia v\u00e4ravavahi Sander Lepa t\u00f5rje j\u00e4rel j\u00e4i palli v\u00e4rava ette lahtiseks ja Roden Vahe l\u00f5i selle v\u00f5rku. Seitse minutit hiljem oli Viimsi juba 2:0 eduseisus, kui Karl Erich Kaljuvere madala s\u00f6\u00f6du j\u00e4rel p\u00f5rkas pall Levadia kaitsjast Romeo Aanist v\u00e4ravasse. Levadia duubel suutis vaid kaks minutit hiljem \u00fche v\u00e4rava tagasi l\u00fc\u00fca, kui Moussa Sambe skooris Maksim Gussevi s\u00f6\u00f6dust umbes viielt meetrilt, aga enamaks v\u00f5\u00f5rustajad v\u00f5imelised ei olnud.&#13;\n<\/p>\n<p>Viimsi asub tabelis teisel kohal, kaotades viie punktiga Tartu Welcole, <a href=\"https:\/\/soccernet.ee\/artikkel\/vaata-jarele-laasneri-varavad-lopetasid-welco-kahemangulise-voiduta-seeria\" target=\"https:\/\/soccernet.ee\/artikkel\/vaata-jarele-laasneri-varavad-lopetasid-welco-kahemangulise-voiduta-seeria\" rel=\"nofollow noopener\">kes alistas v\u00f5\u00f5rsil 2:0 FC Tallinna<\/a> ja l\u00f5petas oma kahem\u00e4ngulise v\u00f5iduta seeria. Levadia duubel paikneb tabelis viimasel kohal.&#13;\n<\/p>\n<p>Tallinna Kalev ja N\u00f5mme Unitedi duubelmeeskond pidasid Sportland Arenal maha kaheksav\u00e4ravalise lahingu, mis j\u00e4i 4:4 viiki. Kalev asus Arseni Gusarovi ja Oscar De Pizzoli v\u00e4ravatest 2:0 juhtima, kuid United p\u00f6\u00f6ras selle omakorda enda poolt vaadates 4:2 eduseisuks, kui kaks korda skooris Jonatan Saarnak ning korra Kaspar Anton ja Hendrik Rei. L\u00f5ppse\u00f5na j\u00e4i siiski Kalevile, kui Dylan Sal-Al-Saller l\u00f5i esmalt \u00fche v\u00e4rava tagasi ja seej\u00e4rel tegi Rei omav\u00e4rav l\u00f5ppseisuks 4:4.<\/p>\n<p>Tabelis neljandal kohal olev Unitedi duubel on n\u00fc\u00fcd v\u00f5iduta kolm m\u00e4ngu j\u00e4rjest, sest enne 4:4 viiki Kaleviga kaotati N\u00f5mme Kalju duublile ja Elvale. Kalev kaotab Unitedi duublile kolme punktiga ja paikneb viiendal tabelireal.&#13;<\/p>\n","protected":false},"excerpt":{"rendered":"&#13; Viimsi sai Esiliigas kahe viigi ja kahe kaotuse k\u00f5rvale hooaja viienda v\u00f5idu, alistades v\u00f5\u00f5rsil 2:1 FCI Levadia&hellip;\n","protected":false},"author":2,"featured_media":167527,"comment_status":"","ping_status":"","sticky":false,"template":"","format":"standard","meta":{"footnotes":"","_share_on_mastodon":"0"},"categories":[18],"tags":[37,33,35,1466,34,36,2325,1619,31671,2328,10844,77916,159,158,1343,10846,2496],"class_list":["post-167526","post","type-post","status-publish","format-standard","has-post-thumbnail","category-sport","tag-ee","tag-eesti","tag-eesti-keel","tag-esiliiga","tag-estonia","tag-estonian","tag-fci-levadia-u21","tag-kalev","tag-levadia-duubel","tag-levadia-u21","tag-nomme-united-u21","tag-nomme-unitedi-duubel","tag-sport","tag-sports","tag-tallinna-kalev","tag-united-u21","tag-viimsi"],"share_on_mastodon":{"url":"https:\/\/pubeurope.com\/@ee\/116500786444677117","error":""},"_links":{"self":[{"href":"https:\/\/www.europesays.com\/ee\/wp-json\/wp\/v2\/posts\/167526","targetHints":{"allow":["GET"]}}],"collection":[{"href":"https:\/\/www.europesays.com\/ee\/wp-json\/wp\/v2\/posts"}],"about":[{"href":"https:\/\/www.europesays.com\/ee\/wp-json\/wp\/v2\/types\/post"}],"author":[{"embeddable":true,"href":"https:\/\/www.europesays.com\/ee\/wp-json\/wp\/v2\/users\/2"}],"replies":[{"embeddable":true,"href":"https:\/\/www.europesays.com\/ee\/wp-json\/wp\/v2\/comments?post=167526"}],"version-history":[{"count":0,"href":"https:\/\/www.europesays.com\/ee\/wp-json\/wp\/v2\/posts\/167526\/revisions"}],"wp:featuredmedia":[{"embeddable":true,"href":"https:\/\/www.europesays.com\/ee\/wp-json\/wp\/v2\/media\/167527"}],"wp:attachment":[{"href":"https:\/\/www.europesays.com\/ee\/wp-json\/wp\/v2\/media?parent=167526"}],"wp:term":[{"taxonomy":"category","embeddable":true,"href":"https:\/\/www.europesays.com\/ee\/wp-json\/wp\/v2\/categories?post=167526"},{"taxonomy":"post_tag","embeddable":true,"href":"https:\/\/www.europesays.com\/ee\/wp-json\/wp\/v2\/tags?post=167526"}],"curies":[{"name":"wp","href":"https:\/\/api.w.org\/{rel}","templated":true}]}}