{"id":167603,"date":"2026-05-01T21:40:07","date_gmt":"2026-05-01T21:40:07","guid":{"rendered":"https:\/\/www.europesays.com\/ee\/167603\/"},"modified":"2026-05-01T21:40:07","modified_gmt":"2026-05-01T21:40:07","slug":"galerii-%e2%9f%a9-mulgi-pagari-uus-tulemine-kannab-endas-perevaartuste-ja-traditsioonide-korval-varskust","status":"publish","type":"post","link":"https:\/\/www.europesays.com\/ee\/167603\/","title":{"rendered":"GALERII \u27e9 Mulgi Pagari uus tulemine kannab endas perev\u00e4\u00e4rtuste ja traditsioonide k\u00f5rval v\u00e4rskust"},"content":{"rendered":"<p>Natuke veel ootamist ja Mulgi Pagari uksed Posti t\u00e4nava majakesel, mis on tulekahju j\u00e4rel t\u00e4ielikult taastatud, avanevad. Uksest sisse astudes satub klient saiakeste l\u00f5hna t\u00e4is uhiuude kohvikusse, mis \u00fchtpidi seda ongi, kuid teistpidi kannab edasi pagarikoja perev\u00e4\u00e4rtusi, mis on alati olnud ja j\u00e4\u00e4vad ka edaspidi.<\/p>\n<p>1988. aastal kooperatiivina alustanud Mulgi Pagar on Posti t\u00e4naval tegutsenud 1990. aastate l\u00f5pust.<\/p>\n","protected":false},"excerpt":{"rendered":"Natuke veel ootamist ja Mulgi Pagari uksed Posti t\u00e4nava majakesel, mis on tulekahju j\u00e4rel t\u00e4ielikult taastatud, avanevad. Uksest&hellip;\n","protected":false},"author":2,"featured_media":167604,"comment_status":"","ping_status":"","sticky":false,"template":"","format":"standard","meta":{"footnotes":"","_share_on_mastodon":"0"},"categories":[5],"tags":[26,27,37,33,35,34,36,31,32,21,77933,24663,28,29,77932,19,28921,25,77934,23,24,22,20,30],"class_list":["post-167603","post","type-post","status-publish","format-standard","has-post-thumbnail","category-uldised-uudised","tag-breaking-news","tag-breakingnews","tag-ee","tag-eesti","tag-eesti-keel","tag-estonia","tag-estonian","tag-featured-news","tag-featurednews","tag-headlines","tag-indrek-ilves","tag-kohvik","tag-latest-news","tag-latestnews","tag-mulgi-pagar","tag-news","tag-pagarikoda","tag-populaarseimad-lood","tag-saiakesed","tag-top-stories","tag-topstories","tag-uldised-uudised","tag-uudised","tag-viimased-uudised"],"share_on_mastodon":{"url":"https:\/\/pubeurope.com\/@ee\/116501493995321734","error":""},"_links":{"self":[{"href":"https:\/\/www.europesays.com\/ee\/wp-json\/wp\/v2\/posts\/167603","targetHints":{"allow":["GET"]}}],"collection":[{"href":"https:\/\/www.europesays.com\/ee\/wp-json\/wp\/v2\/posts"}],"about":[{"href":"https:\/\/www.europesays.com\/ee\/wp-json\/wp\/v2\/types\/post"}],"author":[{"embeddable":true,"href":"https:\/\/www.europesays.com\/ee\/wp-json\/wp\/v2\/users\/2"}],"replies":[{"embeddable":true,"href":"https:\/\/www.europesays.com\/ee\/wp-json\/wp\/v2\/comments?post=167603"}],"version-history":[{"count":0,"href":"https:\/\/www.europesays.com\/ee\/wp-json\/wp\/v2\/posts\/167603\/revisions"}],"wp:featuredmedia":[{"embeddable":true,"href":"https:\/\/www.europesays.com\/ee\/wp-json\/wp\/v2\/media\/167604"}],"wp:attachment":[{"href":"https:\/\/www.europesays.com\/ee\/wp-json\/wp\/v2\/media?parent=167603"}],"wp:term":[{"taxonomy":"category","embeddable":true,"href":"https:\/\/www.europesays.com\/ee\/wp-json\/wp\/v2\/categories?post=167603"},{"taxonomy":"post_tag","embeddable":true,"href":"https:\/\/www.europesays.com\/ee\/wp-json\/wp\/v2\/tags?post=167603"}],"curies":[{"name":"wp","href":"https:\/\/api.w.org\/{rel}","templated":true}]}}