{"id":167810,"date":"2026-05-02T08:06:08","date_gmt":"2026-05-02T08:06:08","guid":{"rendered":"https:\/\/www.europesays.com\/ee\/167810\/"},"modified":"2026-05-02T08:06:08","modified_gmt":"2026-05-02T08:06:08","slug":"tallinna-lennujaamast-avati-otselend-uude-sihtkohta","status":"publish","type":"post","link":"https:\/\/www.europesays.com\/ee\/167810\/","title":{"rendered":"Tallinna lennujaamast avati otselend uude sihtkohta"},"content":{"rendered":"<p>Esimesest maist avas Eurowings uue otseliini Tallinna ja D\u00fcsseldorfi vahel. Varem ei ole Tallinnast D\u00fcsseldorfi regulaarseid otselende toimunud. Lend kestab ligikaudu kaks tundi ja 30 minutit ning v\u00e4ljumised toimuvad kaks korda n\u00e4dalas \u2013 esmasp\u00e4eviti ja reedeti.<\/p>\n<p class=\"x_MsoNormal\">AS-i Tallinna Lennujaam juhatuse liikme Eero P\u00e4rgm\u00e4e s\u00f5nul on uue lennuliini avamine oluline samm Eesti lennu\u00fchenduste arendamisel.<\/p>\n","protected":false},"excerpt":{"rendered":"Esimesest maist avas Eurowings uue otseliini Tallinna ja D\u00fcsseldorfi vahel. Varem ei ole Tallinnast D\u00fcsseldorfi regulaarseid otselende toimunud.&hellip;\n","protected":false},"author":2,"featured_media":167811,"comment_status":"","ping_status":"","sticky":false,"template":"","format":"standard","meta":{"footnotes":"","_share_on_mastodon":"0"},"categories":[12],"tags":[26,27,29022,37,33,35,34,36,28462,31,32,21,28,29,19,25,51,2130,1766,23,24,22,20,30],"class_list":["post-167810","post","type-post","status-publish","format-standard","has-post-thumbnail","category-eesti","tag-breaking-news","tag-breakingnews","tag-dusseldorf","tag-ee","tag-eesti","tag-eesti-keel","tag-estonia","tag-estonian","tag-eurowings","tag-featured-news","tag-featurednews","tag-headlines","tag-latest-news","tag-latestnews","tag-news","tag-populaarseimad-lood","tag-saksamaa","tag-tallinn","tag-tallinna-lennujaam","tag-top-stories","tag-topstories","tag-uldised-uudised","tag-uudised","tag-viimased-uudised"],"share_on_mastodon":{"url":"https:\/\/pubeurope.com\/@ee\/116503955695104668","error":""},"_links":{"self":[{"href":"https:\/\/www.europesays.com\/ee\/wp-json\/wp\/v2\/posts\/167810","targetHints":{"allow":["GET"]}}],"collection":[{"href":"https:\/\/www.europesays.com\/ee\/wp-json\/wp\/v2\/posts"}],"about":[{"href":"https:\/\/www.europesays.com\/ee\/wp-json\/wp\/v2\/types\/post"}],"author":[{"embeddable":true,"href":"https:\/\/www.europesays.com\/ee\/wp-json\/wp\/v2\/users\/2"}],"replies":[{"embeddable":true,"href":"https:\/\/www.europesays.com\/ee\/wp-json\/wp\/v2\/comments?post=167810"}],"version-history":[{"count":0,"href":"https:\/\/www.europesays.com\/ee\/wp-json\/wp\/v2\/posts\/167810\/revisions"}],"wp:featuredmedia":[{"embeddable":true,"href":"https:\/\/www.europesays.com\/ee\/wp-json\/wp\/v2\/media\/167811"}],"wp:attachment":[{"href":"https:\/\/www.europesays.com\/ee\/wp-json\/wp\/v2\/media?parent=167810"}],"wp:term":[{"taxonomy":"category","embeddable":true,"href":"https:\/\/www.europesays.com\/ee\/wp-json\/wp\/v2\/categories?post=167810"},{"taxonomy":"post_tag","embeddable":true,"href":"https:\/\/www.europesays.com\/ee\/wp-json\/wp\/v2\/tags?post=167810"}],"curies":[{"name":"wp","href":"https:\/\/api.w.org\/{rel}","templated":true}]}}