{"id":167878,"date":"2026-05-02T10:04:09","date_gmt":"2026-05-02T10:04:09","guid":{"rendered":"https:\/\/www.europesays.com\/ee\/167878\/"},"modified":"2026-05-02T10:04:09","modified_gmt":"2026-05-02T10:04:09","slug":"fotod-alternatiivroki-lipulaev-sibyl-vane-esitles-parnus-parast-kuus-aastat-kestnud-pausi-uhiuut-albumit-2","status":"publish","type":"post","link":"https:\/\/www.europesays.com\/ee\/167878\/","title":{"rendered":"FOTOD | Alternatiivroki lipulaev Sibyl Vane esitles P\u00e4rnus p\u00e4rast kuus aastat kestnud pausi uhiuut albumit"},"content":{"rendered":"<p>Tegu on ansambli seni k\u00f5ige kontseptuaalsema ning isiklikuma teosega. \u201eSee ei ole lihtsalt kogumik lugusid, vaid terviklik maailm ja seisundi kirjeldus, mis l\u00e4htub ideest, et t\u00e4nap\u00e4eva maailm on t\u00e4is n\u00e4htamatuid keeriseid \u2013 keskkondi, suhteid ja hirme, mis t\u00f5mbavad endasse, kuid ei lase edasi liikuda ning tuleb otsidaviise neist l\u00e4bi minekuks,\u201c kirjeldas b\u00e4nd \u00e4sja ilmunud plaati.<\/p>\n<p>B\u00e4ndiliikmete s\u00f5nutsi on Vortex ka heliliselt b\u00e4ndi senisest albumitest mitmekesisem ja vokaalikesksem. Kitarrip\u00f5hisele k\u00f5lale lisanduvad s\u00fcntesaatorid ja elektroonika ning lugude \u00fclesehituses on keskmesse t\u00f5stetud b\u00e4ndi vokalisti Helena Randlahe eristuv h\u00e4\u00e4l, selle n\u00fcansid ja emotsionaalne kandvus. Lavale astusid lisaks Helena Randlahele (vokaal, kitarr, Omnichord) ka Meelis Tauk (kitarr), Heiko Leesment (bass) ning Kristo Otter (trummid ja trummimasinad). <\/p>\n<p>Oled juba tellija?Logi sisse<\/p>\n<p><a href=\"https:\/\/kroonika.delfi.ee\/artikkel\/120572551\/fotod-alternatiivroki-lipulaev-sibyl-vane-esitles-parnus-parast-kuus-aastat-kestnud-pausi-uhiuut-albumit\/kommentaarid\" class=\"article-body-bottom__comment article-body-bottom__comment--write button button--primary button--size-auto\" rel=\"nofollow noopener\" target=\"_blank\"> Kommenteeri <\/a><a href=\"https:\/\/kroonika.delfi.ee\/artikkel\/120572551\/fotod-alternatiivroki-lipulaev-sibyl-vane-esitles-parnus-parast-kuus-aastat-kestnud-pausi-uhiuut-albumit\/kommentaarid\" class=\"article-body-bottom__comment article-body-bottom__comment--read button button--size-auto\" rel=\"nofollow noopener\" target=\"_blank\"> Loe kommentaare (1)<\/a><\/p>\n","protected":false},"excerpt":{"rendered":"Tegu on ansambli seni k\u00f5ige kontseptuaalsema ning isiklikuma teosega. \u201eSee ei ole lihtsalt kogumik lugusid, vaid terviklik maailm&hellip;\n","protected":false},"author":2,"featured_media":167839,"comment_status":"","ping_status":"","sticky":false,"template":"","format":"standard","meta":{"footnotes":"","_share_on_mastodon":"0"},"categories":[16],"tags":[37,33,35,173,34,36,140,6275],"class_list":["post-167878","post","type-post","status-publish","format-standard","has-post-thumbnail","category-meelelahutus","tag-ee","tag-eesti","tag-eesti-keel","tag-entertainment","tag-estonia","tag-estonian","tag-meelelahutus","tag-sibyl-vane"],"share_on_mastodon":{"url":"https:\/\/pubeurope.com\/@ee\/116504419835088489","error":""},"_links":{"self":[{"href":"https:\/\/www.europesays.com\/ee\/wp-json\/wp\/v2\/posts\/167878","targetHints":{"allow":["GET"]}}],"collection":[{"href":"https:\/\/www.europesays.com\/ee\/wp-json\/wp\/v2\/posts"}],"about":[{"href":"https:\/\/www.europesays.com\/ee\/wp-json\/wp\/v2\/types\/post"}],"author":[{"embeddable":true,"href":"https:\/\/www.europesays.com\/ee\/wp-json\/wp\/v2\/users\/2"}],"replies":[{"embeddable":true,"href":"https:\/\/www.europesays.com\/ee\/wp-json\/wp\/v2\/comments?post=167878"}],"version-history":[{"count":0,"href":"https:\/\/www.europesays.com\/ee\/wp-json\/wp\/v2\/posts\/167878\/revisions"}],"wp:featuredmedia":[{"embeddable":true,"href":"https:\/\/www.europesays.com\/ee\/wp-json\/wp\/v2\/media\/167839"}],"wp:attachment":[{"href":"https:\/\/www.europesays.com\/ee\/wp-json\/wp\/v2\/media?parent=167878"}],"wp:term":[{"taxonomy":"category","embeddable":true,"href":"https:\/\/www.europesays.com\/ee\/wp-json\/wp\/v2\/categories?post=167878"},{"taxonomy":"post_tag","embeddable":true,"href":"https:\/\/www.europesays.com\/ee\/wp-json\/wp\/v2\/tags?post=167878"}],"curies":[{"name":"wp","href":"https:\/\/api.w.org\/{rel}","templated":true}]}}