{"id":168009,"date":"2026-05-02T13:05:34","date_gmt":"2026-05-02T13:05:34","guid":{"rendered":"https:\/\/www.europesays.com\/ee\/168009\/"},"modified":"2026-05-02T13:05:34","modified_gmt":"2026-05-02T13:05:34","slug":"pohjala-ja-balti-valisministrid-valjendasid-saaremaal-toetust-ukrainale-eesti","status":"publish","type":"post","link":"https:\/\/www.europesays.com\/ee\/168009\/","title":{"rendered":"P\u00f5hjala ja Balti v\u00e4lisministrid v\u00e4ljendasid Saaremaal toetust Ukrainale | Eesti"},"content":{"rendered":"<p>Eesti v\u00f5\u00f5rustas Saaremaal P\u00f5hjamaade ja Balti riikide v\u00e4lisministreid, kes kinnitasid j\u00e4tkuvat toetust Ukrainale ja t\u00f5desid, et Venemaa on endiselt k\u00f5ige suurem oht Euro-Atlandi piirkonna julgeolekule, mis n\u00f5uab otsustavat ja koordineeritud tegevust.<\/p>\n<p>Euroopa Liidu v\u00e4lispoliitika juhi Kaja Kallase s\u00f5nul on president Alar Karise kommentaarid, nagu olnuks v\u00f5imalik 2022. aastal Venemaaga rahu saavutada astumine Venemaa l\u00f5ksu. Venemaa esitas sel ajal maksimaalseid n\u00f5udmisi.<\/p>\n<p>&#8220;Kui see s\u00f5da on l\u00e4bi, siis on k\u00fcllalt v\u00f5imalusi anal\u00fc\u00fcsida, kes tegi midagi \u00f5igesti v\u00f5i valesti, aga praegu see hetk ei ole. Praegu on selge see, et Venemaa ju sisuliselt mingit dialoogi ei pea. Enne kui paluda v\u00f5i minna k\u00fcsima seda, et Venemaa r\u00e4\u00e4giks, peame me omavahel kokku leppima selles, mida me tahame n\u00e4ha Venemaa poolt, et nad ei oleks enam ohuks oma naabritele. Selle jaoks on meil Euroopa v\u00e4lisministritega kokku lepitud, et me seda K\u00fcprosel juba mai l\u00f5pus arutame,&#8221; lausus Kallas.<\/p>\n<p>&#8220;Me r\u00e4\u00e4kisime (Saaremaa kohtumisel) meie regiooni Euroopa julgeolekust. Sellest, kuidas toetada Ukrainat, survestada Venemaad. Aga veelgi t\u00e4htsam on aru saada, et me mitte ainult ei toeta Ukrainat, vaid Ukraina on ka julgeoleku tagaja meile tulevikus. Mis t\u00e4hendab seda, et me peame ka laienema Euroopa Liidu v\u00f5tmes. Me peame kaotama \u00e4ra hallid alad Venemaa, Euroopa Liidu ja NATO vahel. Ja sellel kooslusel, P\u00f5hja-Baltimaadel, on v\u00e4ga suur kaal nii Euroopa Liidus kui ka NATO-s,&#8221; \u00fctles v\u00e4lisminister Margus Tsahkna.<\/p>\n","protected":false},"excerpt":{"rendered":"Eesti v\u00f5\u00f5rustas Saaremaal P\u00f5hjamaade ja Balti riikide v\u00e4lisministreid, kes kinnitasid j\u00e4tkuvat toetust Ukrainale ja t\u00f5desid, et Venemaa on&hellip;\n","protected":false},"author":2,"featured_media":168010,"comment_status":"","ping_status":"","sticky":false,"template":"","format":"standard","meta":{"footnotes":"","_share_on_mastodon":"0"},"categories":[5],"tags":[1687,26,27,37,33,35,34,36,31,32,21,42120,28,29,1131,31644,19,25,948,23,24,262,22,20,53991,96,30],"class_list":["post-168009","post","type-post","status-publish","format-standard","has-post-thumbnail","category-uldised-uudised","tag-alar-karis","tag-breaking-news","tag-breakingnews","tag-ee","tag-eesti","tag-eesti-keel","tag-estonia","tag-estonian","tag-featured-news","tag-featurednews","tag-headlines","tag-kaja-kallas-hommik-anuga","tag-latest-news","tag-latestnews","tag-margus-tsahkna","tag-nb8","tag-news","tag-populaarseimad-lood","tag-saaremaa","tag-top-stories","tag-topstories","tag-ukraina","tag-uldised-uudised","tag-uudised","tag-valisministrid","tag-venemaa","tag-viimased-uudised"],"share_on_mastodon":{"url":"https:\/\/pubeurope.com\/@ee\/116505131240795421","error":""},"_links":{"self":[{"href":"https:\/\/www.europesays.com\/ee\/wp-json\/wp\/v2\/posts\/168009","targetHints":{"allow":["GET"]}}],"collection":[{"href":"https:\/\/www.europesays.com\/ee\/wp-json\/wp\/v2\/posts"}],"about":[{"href":"https:\/\/www.europesays.com\/ee\/wp-json\/wp\/v2\/types\/post"}],"author":[{"embeddable":true,"href":"https:\/\/www.europesays.com\/ee\/wp-json\/wp\/v2\/users\/2"}],"replies":[{"embeddable":true,"href":"https:\/\/www.europesays.com\/ee\/wp-json\/wp\/v2\/comments?post=168009"}],"version-history":[{"count":0,"href":"https:\/\/www.europesays.com\/ee\/wp-json\/wp\/v2\/posts\/168009\/revisions"}],"wp:featuredmedia":[{"embeddable":true,"href":"https:\/\/www.europesays.com\/ee\/wp-json\/wp\/v2\/media\/168010"}],"wp:attachment":[{"href":"https:\/\/www.europesays.com\/ee\/wp-json\/wp\/v2\/media?parent=168009"}],"wp:term":[{"taxonomy":"category","embeddable":true,"href":"https:\/\/www.europesays.com\/ee\/wp-json\/wp\/v2\/categories?post=168009"},{"taxonomy":"post_tag","embeddable":true,"href":"https:\/\/www.europesays.com\/ee\/wp-json\/wp\/v2\/tags?post=168009"}],"curies":[{"name":"wp","href":"https:\/\/api.w.org\/{rel}","templated":true}]}}