{"id":168137,"date":"2026-05-02T16:19:07","date_gmt":"2026-05-02T16:19:07","guid":{"rendered":"https:\/\/www.europesays.com\/ee\/168137\/"},"modified":"2026-05-02T16:19:07","modified_gmt":"2026-05-02T16:19:07","slug":"klops-51-sunnipaeva-tahistav-david-beckham-naitab-nappides-ujumispukstes-kadestamisvaarset-fuusist","status":"publish","type":"post","link":"https:\/\/www.europesays.com\/ee\/168137\/","title":{"rendered":"KL\u00d5PS | 51. s\u00fcnnip\u00e4eva t\u00e4histav David Beckham n\u00e4itab nappides ujumisp\u00fckstes kadestamisv\u00e4\u00e4rset f\u00fc\u00fcsist"},"content":{"rendered":"<p>Victoria Beckham lisas kalli kaasa s\u00fcnnip\u00e4eva puhul Instagrami temast hulga pilte. Esimesel neist poseerib David Beckham puhkusereisil punastes nappides ujumisp\u00fckstes. Lisaks rohketele t\u00e4toveeringutele torkab fotolt silma ka jalgpalliga l\u00f5pparve teinud Davidi f\u00fc\u00fcsis, mis on endiselt profisportlasele kohaselt v\u00e4ga hea. Lisaks joonistuvad selgelt v\u00e4lja ka Davidi treenitud k\u00f5hulihased.<\/p>\n<p>\u201eSa oled meie maailm, meie k\u00f5ik. Me armastame sind nii v\u00e4ga! Palju \u00f5nne s\u00fcnnip\u00e4evaks parimale abikaasale, isale, pojale, vennale ja s\u00f5brale. K\u00f5ige lahkemale ja suuremeelsemale inimesele. Me hellitame sind terve p\u00e4eva! Keegi ei v\u00e4\u00e4ri seda rohkem kui sina!\u201c kirjutas Victoria postitusele juurde. <\/p>\n<p>David Beckhami vorm r\u00e4\u00e4gib enda eest: endine tippjalgpallur pole treenimisest loobunud. Pole ka ime, kui tema elustiil oli 20 aastat j\u00e4rjest raske t\u00f6\u00f6 ja vaev treeningsaalis ja staadionil. David pidas Inglismaa koondises 115 m\u00e4ngu ja oli kuus aastat meeskonna kapten. Oma profikarj\u00e4\u00e4ri jooksul m\u00e4ngis ta Manchester Unitedis, Madridi Realis, AC Milanis, Pariisi Saint-Germainis ja Los Angeles Galaxys.<\/p>\n<p>David ja Victoria Beckham kohtusid 1997. aastal, kui nad m\u00f5lemad olid omal alal juba tuntud ja avaliku elu tegelased \u2013 Victoria oli ansambli Spice Girls liige ning David tegeles professionaalselt jalgpalliga. Paar abiellus 1999. aastal ning n\u00fc\u00fcdseks on neil neli \u00fchist last: t\u00fctar Harper ning pojad Cruz, Romeo ja Brooklyn Beckham. Viimane on teatavasti perest v\u00f5\u00f5randunud ning ei suhtle enam isegi oma \u00f5e ega vendadega, vanematest r\u00e4\u00e4kimata.<\/p>\n<p>Kuidas see lugu Sind end tundma pani? Saada <a href=\"https:\/\/kroonika.delfi.ee\/artikkel\/120572609\/klops-51-sunnipaeva-tahistav-david-beckham-naitab-nappides-ujumispukstes-kadestamisvaarset-fuusist\/kommentaarid\" class=\"article-body-bottom__comment article-body-bottom__comment--write button button--primary button--size-auto\" rel=\"nofollow noopener\" target=\"_blank\"> Kommenteeri <\/a><a href=\"https:\/\/kroonika.delfi.ee\/artikkel\/120572609\/klops-51-sunnipaeva-tahistav-david-beckham-naitab-nappides-ujumispukstes-kadestamisvaarset-fuusist\/kommentaarid\" class=\"article-body-bottom__comment article-body-bottom__comment--read button button--size-auto\" rel=\"nofollow noopener\" target=\"_blank\"> Loe kommentaare <\/a><\/p>\n","protected":false},"excerpt":{"rendered":"Victoria Beckham lisas kalli kaasa s\u00fcnnip\u00e4eva puhul Instagrami temast hulga pilte. Esimesel neist poseerib David Beckham puhkusereisil punastes&hellip;\n","protected":false},"author":2,"featured_media":168138,"comment_status":"","ping_status":"","sticky":false,"template":"","format":"standard","meta":{"footnotes":"","_share_on_mastodon":"0"},"categories":[18],"tags":[1561,37,33,35,34,36,159,158],"class_list":["post-168137","post","type-post","status-publish","format-standard","has-post-thumbnail","category-sport","tag-david-beckham","tag-ee","tag-eesti","tag-eesti-keel","tag-estonia","tag-estonian","tag-sport","tag-sports"],"share_on_mastodon":{"url":"https:\/\/pubeurope.com\/@ee\/116505894214978428","error":""},"_links":{"self":[{"href":"https:\/\/www.europesays.com\/ee\/wp-json\/wp\/v2\/posts\/168137","targetHints":{"allow":["GET"]}}],"collection":[{"href":"https:\/\/www.europesays.com\/ee\/wp-json\/wp\/v2\/posts"}],"about":[{"href":"https:\/\/www.europesays.com\/ee\/wp-json\/wp\/v2\/types\/post"}],"author":[{"embeddable":true,"href":"https:\/\/www.europesays.com\/ee\/wp-json\/wp\/v2\/users\/2"}],"replies":[{"embeddable":true,"href":"https:\/\/www.europesays.com\/ee\/wp-json\/wp\/v2\/comments?post=168137"}],"version-history":[{"count":0,"href":"https:\/\/www.europesays.com\/ee\/wp-json\/wp\/v2\/posts\/168137\/revisions"}],"wp:featuredmedia":[{"embeddable":true,"href":"https:\/\/www.europesays.com\/ee\/wp-json\/wp\/v2\/media\/168138"}],"wp:attachment":[{"href":"https:\/\/www.europesays.com\/ee\/wp-json\/wp\/v2\/media?parent=168137"}],"wp:term":[{"taxonomy":"category","embeddable":true,"href":"https:\/\/www.europesays.com\/ee\/wp-json\/wp\/v2\/categories?post=168137"},{"taxonomy":"post_tag","embeddable":true,"href":"https:\/\/www.europesays.com\/ee\/wp-json\/wp\/v2\/tags?post=168137"}],"curies":[{"name":"wp","href":"https:\/\/api.w.org\/{rel}","templated":true}]}}