{"id":168309,"date":"2026-05-02T21:17:31","date_gmt":"2026-05-02T21:17:31","guid":{"rendered":"https:\/\/www.europesays.com\/ee\/168309\/"},"modified":"2026-05-02T21:17:31","modified_gmt":"2026-05-02T21:17:31","slug":"kahju-kaidi-ja-thuni-tiitlipidu-lukati-veel-vahemalt-uhe-paeva-vorra-edasi-soccernet-ee","status":"publish","type":"post","link":"https:\/\/www.europesays.com\/ee\/168309\/","title":{"rendered":"Kahju! K\u00e4idi ja Thuni tiitlipidu l\u00fckati veel v\u00e4hemalt \u00fche p\u00e4eva v\u00f5rra edasi &#8211; Soccernet.ee"},"content":{"rendered":"<p><img decoding=\"async\" src=\"https:\/\/www.europesays.com\/ee\/wp-content\/uploads\/2026\/05\/1777754293.jpg\" alt=\"Mattias K\u00e4idi ja Thuni tiitlipidu l\u00fckkus j\u00e4lle edasi. Foto: Scanpix \/ SPP Sport Press Photo \/ Alamy\"\/>&#13;\n<\/p>\n<p>Eesti koondise poolkaitsja Mattias K\u00e4idi koduklubi Thun kaotas \u0160veitsi k\u00f5rgliigas v\u00f5\u00f5rsil 1:3 Baselile ega suutnud veel meistritiitlit kindlustada.<\/p>\n<p>Thunil oli esimene v\u00f5imalus meistritiitel kindlustada eelmisel n\u00e4dalavahetusel, aga kuna Thun kaotas laup\u00e4eval 90+7. minuti v\u00e4ravast kodus 0:1 Luganole ja nende l\u00e4him j\u00e4litaja St. Gallen alistas p\u00fchap\u00e4eval 90+2. minuti v\u00e4ravast v\u00f5\u00f5rsil 2:1 Young Boysi, siis tabeliseis ei muutunud.&#13;\n<\/p>\n<p>Thuni edu St. Galleni ees oli neli vooru enne hooaja l\u00f5ppu 11 punkti. Seega vajas Thun v\u00f5\u00f5rsil Baseli vastu v\u00f5itu, et klubi ajaloo esimene \u0160veitsi meistritiitel saaks l\u00f5puks kindlustatud. Paraku ei \u00f5nnestunud ka seekord.&#13;\n<\/p>\n<p>Thun asus avapoolaja l\u00f5pus Valmir Matoshi v\u00e4ravast juhtima, kuid Metinho l\u00f5i vaid kaks minutit hiljem Baseli viigiv\u00e4rava.\u00a0K\u00e4it j\u00e4lgis avapoolaega pingilt, aga vahetati teiseks poolajaks v\u00e4ljakule. 1:1 p\u00fcsis pikalt ja m\u00f5lemad meeskonnad otsisid v\u00f5iduv\u00e4ravat, kuid palliga m\u00e4ngis rohkem Basel.<\/p>\n<p>Thuni olukord muutus keerulisemaks 83. minutil, kui Fabio Fehr sai teise kollase kaardi ja k\u00fclalised j\u00e4id k\u00fcmnekesi v\u00e4ljakule. Seej\u00e4rel l\u00f5i Basel kaks v\u00e4ravat. Vahetusest sekkunud Ibrahim Salah sai 87. minutil karistusalast vabalt l\u00f6\u00f6gile ja pall lendas Albian Ajeti puutest v\u00f5rku. Koba Koindredi vormistas esimesel \u00fcleminutil kaugl\u00f6\u00f6gist l\u00f5ppseisu.&#13;\n<\/p>\n<p>1:3 kaotus t\u00e4hendab seda, et Thuni edu St. Galleni ees on endiselt 11 punkti. St. Gallen vajab p\u00fchap\u00e4eval kodus viiendal kohal oleva Sioni vastu v\u00f5itu, et Thuni tiitlipidu veel edasi l\u00fckata. Juhul kui m\u00e4ng j\u00e4\u00e4b viiki v\u00f5i St. Gallen kaotab, kindlustab Thun meistritiitli. St. Galleni ja Sioni kohtumine algab 3. mail Eesti aja j\u00e4rgi kell 15.00.\u00a0&#13;<\/p>\n","protected":false},"excerpt":{"rendered":"&#13; Eesti koondise poolkaitsja Mattias K\u00e4idi koduklubi Thun kaotas \u0160veitsi k\u00f5rgliigas v\u00f5\u00f5rsil 1:3 Baselile ega suutnud veel meistritiitlit&hellip;\n","protected":false},"author":2,"featured_media":168310,"comment_status":"","ping_status":"","sticky":false,"template":"","format":"standard","meta":{"footnotes":"","_share_on_mastodon":"0"},"categories":[18],"tags":[4587,37,33,35,34,36,6576,5651,159,158,56518,4588,45352,8582],"class_list":["post-168309","post","type-post","status-publish","format-standard","has-post-thumbnail","category-sport","tag-basel","tag-ee","tag-eesti","tag-eesti-keel","tag-estonia","tag-estonian","tag-kait","tag-mattias-kait","tag-sport","tag-sports","tag-st-gallen","tag-sveits","tag-sveitsi-korgliiga","tag-thun"],"share_on_mastodon":{"url":"https:\/\/pubeurope.com\/@ee\/116507066071057986","error":""},"_links":{"self":[{"href":"https:\/\/www.europesays.com\/ee\/wp-json\/wp\/v2\/posts\/168309","targetHints":{"allow":["GET"]}}],"collection":[{"href":"https:\/\/www.europesays.com\/ee\/wp-json\/wp\/v2\/posts"}],"about":[{"href":"https:\/\/www.europesays.com\/ee\/wp-json\/wp\/v2\/types\/post"}],"author":[{"embeddable":true,"href":"https:\/\/www.europesays.com\/ee\/wp-json\/wp\/v2\/users\/2"}],"replies":[{"embeddable":true,"href":"https:\/\/www.europesays.com\/ee\/wp-json\/wp\/v2\/comments?post=168309"}],"version-history":[{"count":0,"href":"https:\/\/www.europesays.com\/ee\/wp-json\/wp\/v2\/posts\/168309\/revisions"}],"wp:featuredmedia":[{"embeddable":true,"href":"https:\/\/www.europesays.com\/ee\/wp-json\/wp\/v2\/media\/168310"}],"wp:attachment":[{"href":"https:\/\/www.europesays.com\/ee\/wp-json\/wp\/v2\/media?parent=168309"}],"wp:term":[{"taxonomy":"category","embeddable":true,"href":"https:\/\/www.europesays.com\/ee\/wp-json\/wp\/v2\/categories?post=168309"},{"taxonomy":"post_tag","embeddable":true,"href":"https:\/\/www.europesays.com\/ee\/wp-json\/wp\/v2\/tags?post=168309"}],"curies":[{"name":"wp","href":"https:\/\/api.w.org\/{rel}","templated":true}]}}