{"id":168466,"date":"2026-05-03T05:34:06","date_gmt":"2026-05-03T05:34:06","guid":{"rendered":"https:\/\/www.europesays.com\/ee\/168466\/"},"modified":"2026-05-03T05:34:06","modified_gmt":"2026-05-03T05:34:06","slug":"mis-juhtus-arandora-stari-ja-selle-pardal-olnud-meestega","status":"publish","type":"post","link":"https:\/\/www.europesays.com\/ee\/168466\/","title":{"rendered":"mis juhtus Arandora Stari ja selle pardal olnud meestega"},"content":{"rendered":"<p>Vaid m\u00f5ni aeg enne, kui Saksa \u00f5huv\u00e4e Luftwaffe lennukid hakkasid 1940. aasta juulis pommitama Briti linnu (inglise keeles Battle of Britain ehk Inglismaa \u00f5hulahing-toim), hukkus Iirimaa ranniku l\u00e4hedal \u00fcle 800 tsiviilisiku, kui Saksa allveelaev uputas Briti viiet\u00e4rni kruiisilaeva, mis oli ehitatud \u00fcmber transpordilaevaks.<\/p>\n<p class=\"MsoNormal\">Laeval viibinud inimesed olid Saksa, Austria ja Itaalia p\u00e4ritolu interneeritud, keda \u00dchendkuningriigi valitsus pidas ohtlikeks v\u00e4lismaalasteks, ja kes saadeti Kanadasse, kirjutab <a target=\"_blank\" rel=\"noopener noreferrer nofollow\" href=\"https:\/\/theconversation.com\/arandora-star-sinking-a-lesser-known-nazi-war-crime-that-spawned-generations-of-conspiracy-theories-281069\">The Conversation<\/a>.<\/p>\n","protected":false},"excerpt":{"rendered":"Vaid m\u00f5ni aeg enne, kui Saksa \u00f5huv\u00e4e Luftwaffe lennukid hakkasid 1940. aasta juulis pommitama Briti linnu (inglise keeles&hellip;\n","protected":false},"author":2,"featured_media":168467,"comment_status":"","ping_status":"","sticky":false,"template":"","format":"standard","meta":{"footnotes":"","_share_on_mastodon":"0"},"categories":[80],"tags":[78210,78213,78193,78194,78203,26,27,78198,78208,44851,37,33,35,34,36,31,32,21,78196,78199,78200,78214,78211,78206,28,29,78207,1829,95,19,78201,25,78197,78202,78204,78205,102,23,24,78212,78195,22,20,78209,30,92,93,94],"class_list":["post-168466","post","type-post","status-publish","format-standard","has-post-thumbnail","category-maailm","tag-ametliku-info-puudumine","tag-anglo-itaallased","tag-arandora-star","tag-arandora-stari-uppumine","tag-austria-paritolu-interneeritud","tag-breaking-news","tag-breakingnews","tag-briti-kruiisilaev","tag-briti-relvajoud","tag-briti-sodurid","tag-ee","tag-eesti","tag-eesti-keel","tag-estonia","tag-estonian","tag-featured-news","tag-featurednews","tag-headlines","tag-inglismaa-ohulahing","tag-interneerimine","tag-itaallased-suurbritannias","tag-jaapanlaste-interneerimine-usa-s-ja-kanadas","tag-ksenofoobia","tag-kuuditamine-kanadasse","tag-latest-news","tag-latestnews","tag-liverpooli-hopei-ulikool","tag-luftwaffe","tag-maailm","tag-news","tag-ohtlikud-valismaalased","tag-populaarseimad-lood","tag-saksa-allveelaev","tag-saksa-paritolu-interneeritud","tag-simona-palladino","tag-suuline-ajalugu","tag-teine-maailmasoda","tag-top-stories","tag-topstories","tag-torpeedorunnak","tag-tsiviilisikute-hukkumine","tag-uldised-uudised","tag-uudised","tag-vaenulike-valismaalaste-interneerimine","tag-viimased-uudised","tag-world","tag-world-news","tag-worldnews"],"share_on_mastodon":{"url":"","error":"Validation failed: Text character limit of 500 exceeded"},"_links":{"self":[{"href":"https:\/\/www.europesays.com\/ee\/wp-json\/wp\/v2\/posts\/168466","targetHints":{"allow":["GET"]}}],"collection":[{"href":"https:\/\/www.europesays.com\/ee\/wp-json\/wp\/v2\/posts"}],"about":[{"href":"https:\/\/www.europesays.com\/ee\/wp-json\/wp\/v2\/types\/post"}],"author":[{"embeddable":true,"href":"https:\/\/www.europesays.com\/ee\/wp-json\/wp\/v2\/users\/2"}],"replies":[{"embeddable":true,"href":"https:\/\/www.europesays.com\/ee\/wp-json\/wp\/v2\/comments?post=168466"}],"version-history":[{"count":0,"href":"https:\/\/www.europesays.com\/ee\/wp-json\/wp\/v2\/posts\/168466\/revisions"}],"wp:featuredmedia":[{"embeddable":true,"href":"https:\/\/www.europesays.com\/ee\/wp-json\/wp\/v2\/media\/168467"}],"wp:attachment":[{"href":"https:\/\/www.europesays.com\/ee\/wp-json\/wp\/v2\/media?parent=168466"}],"wp:term":[{"taxonomy":"category","embeddable":true,"href":"https:\/\/www.europesays.com\/ee\/wp-json\/wp\/v2\/categories?post=168466"},{"taxonomy":"post_tag","embeddable":true,"href":"https:\/\/www.europesays.com\/ee\/wp-json\/wp\/v2\/tags?post=168466"}],"curies":[{"name":"wp","href":"https:\/\/api.w.org\/{rel}","templated":true}]}}