{"id":168560,"date":"2026-05-03T07:46:07","date_gmt":"2026-05-03T07:46:07","guid":{"rendered":"https:\/\/www.europesays.com\/ee\/168560\/"},"modified":"2026-05-03T07:46:07","modified_gmt":"2026-05-03T07:46:07","slug":"ukraina-pommitas-primorski-sadamat-soome-teatas-enda-ohupiiri-rikkumisest-drooni-poolt","status":"publish","type":"post","link":"https:\/\/www.europesays.com\/ee\/168560\/","title":{"rendered":"Ukraina pommitas Primorski sadamat, Soome teatas enda \u00f5hupiiri rikkumisest drooni poolt"},"content":{"rendered":"<p>Leningradi oblasti elanikud teatasid plahvatustest ning j\u00e4\u00e4dvustasid droonide \u00fclelendu. <\/p>\n<p>Kuberner Aleksandr Drozdenko \u00fctles p\u00fchap\u00e4eva hommikul, et r\u00fcnnaku t\u00f5rjumine kestis terve \u00f6\u00f6 ning <a rel=\"noopener nofollow\" target=\"_blank\" href=\"https:\/\/www.delfi.ee\/teema\/96942086\/primorsk\" tag-id=\"96942086\">Primorski<\/a> naftasadamas puhkes tulekahju. Ametlikul teatel tulistati alla 59 drooni ja p\u00f5leng on praeguseks kustutatud.<\/p>\n<p><a rel=\"noopener nofollow\" target=\"_blank\" href=\"https:\/\/www.delfi.ee\/teema\/25259589\/soome\" tag-id=\"25259589\">Soome<\/a> kaitseministeerium teatas p\u00fchap\u00e4eval riigi \u00f5hupiiri rikkumisest Soome lahe idaosas. Soome \u00f5huj\u00f5udude teatel j\u00e4lgisid nende lennukid hommikul Vene piiri l\u00e4histel Soome poolel v\u00f5\u00f5ra drooni liikumist. Ajaleht Iltalehti sai mitu telefonik\u00f5net Imatra ja Lapeenranta piirkonnas liikuvate h\u00e4vituslennukite kohta, mis seal madalal k\u00f5rgusel ringi tiirutasid.<\/p>\n<p>Drooni mudel ja p\u00e4ritolu on teadmata, praeguseks droon enam Soome \u00f5huruumis ei asu, teatavad relvaj\u00f5ud. Juhtumiga tegeleb piirivalve, kes algatas uurimise seoses piiririkkumisega ning lubas edasisi kommentaare anda hiljem. Kaitsmeinisteerium kehtestas ajutiselt piirangud \u00f5huliiklusele Kotka &#8211; Hamina piirkonnas.<\/p>\n<p>Drooniohust teatasid ennetavalt ka Eesti ja L\u00e4ti v\u00f5imud.<\/p>\n<p><a href=\"http:\/\/www.delfi.ee\/artikkel\/120572637\/ida-virumaa-ja-vorumaa-inimesed-said-oosel-drooniohu-hoiatuse#dalrel-in-article\" class=\"content-embedded-articles-single__embedded-article\" data-v-469265ed=\"\" rel=\"nofollow noopener\" target=\"_blank\"><\/p>\n<p> 03.05.2026 <\/p>\n<p> Ida-Virumaa ja V\u00f5rumaa inimesed said \u00f6\u00f6sel drooniohu hoiatuse  (183) <\/p>\n<p><\/a><\/p>\n<p>Peterburis suleti kell 2 \u00f6\u00f6sel \u00f5huliiklus Pulkovo lennuv\u00e4ljal ja see taastus kell 8. Edasi l\u00fckati v\u00f5i t\u00fchistati 40 lendu. T\u00fchistatud lendude seas oli ka esimene \u00fcle pika aja Moskvast Dubaisse v\u00e4ljuma pidanud lend.<\/p>\n<p>Ukraina president Volod\u00f5m\u00f5r Zelensk\u00f5i avaldas hommikul video kahe Musta mere <a rel=\"noopener nofollow\" target=\"_blank\" href=\"https:\/\/www.delfi.ee\/teema\/71332873\/novorossiisk\" tag-id=\"71332873\">Novorossiiski<\/a> sadamas seisnud Vene naftatankeri r\u00fcndamisest Ukraina meredroonidega. \u201eMeie s\u00f5dalased j\u00e4tkavad Vene varilaevastiku sanktsioneerimist,\u201c m\u00e4rkis Zelensk\u00f5i. \u201eKaks sellist tankerit said puhta Novorossiiski sadama l\u00e4histel. Neid kasutati nafta transportimiseks, aga enam mitte.\u201c President v\u00e4ljendas operatsiooni eest t\u00e4nu kindralstaabi juhile Andrii Hnatovile, SBU vastuluurele ja merej\u00f5ududele. \u201eUkraina kaugl\u00f6\u00f6kide v\u00f5imet arendatakse igak\u00fclgselt: merel, \u00f5hus ja maal,\u201c lubas Zelensk\u00f5i.<\/p>\n<p>Kuidas see lugu Sind end tundma pani? Saada <a href=\"https:\/\/www.delfi.ee\/artikkel\/120572645\/ukraina-pommitas-primorski-sadamat-soome-teatas-enda-ohupiiri-rikkumisest-drooni-poolt\/kommentaarid\" class=\"article-body-bottom__comment article-body-bottom__comment--write button button--primary button--size-auto\" rel=\"nofollow noopener\" target=\"_blank\"> Kommenteeri <\/a><a href=\"https:\/\/www.delfi.ee\/artikkel\/120572645\/ukraina-pommitas-primorski-sadamat-soome-teatas-enda-ohupiiri-rikkumisest-drooni-poolt\/kommentaarid\" class=\"article-body-bottom__comment article-body-bottom__comment--read button button--size-auto\" rel=\"nofollow noopener\" target=\"_blank\"> Loe kommentaare (11)<\/a><\/p>\n","protected":false},"excerpt":{"rendered":"Leningradi oblasti elanikud teatasid plahvatustest ning j\u00e4\u00e4dvustasid droonide \u00fclelendu. Kuberner Aleksandr Drozdenko \u00fctles p\u00fchap\u00e4eva hommikul, et r\u00fcnnaku t\u00f5rjumine&hellip;\n","protected":false},"author":2,"featured_media":168561,"comment_status":"","ping_status":"","sticky":false,"template":"","format":"standard","meta":{"footnotes":"","_share_on_mastodon":"0"},"categories":[80],"tags":[26,27,37,33,35,34,36,31,32,21,28,29,95,19,3854,25,35589,107,113,23,24,262,22,20,30,92,93,94],"class_list":["post-168560","post","type-post","status-publish","format-standard","has-post-thumbnail","category-maailm","tag-breaking-news","tag-breakingnews","tag-ee","tag-eesti","tag-eesti-keel","tag-estonia","tag-estonian","tag-featured-news","tag-featurednews","tag-headlines","tag-latest-news","tag-latestnews","tag-maailm","tag-news","tag-novorossiisk","tag-populaarseimad-lood","tag-primorsk","tag-soda-ukrainas","tag-soome","tag-top-stories","tag-topstories","tag-ukraina","tag-uldised-uudised","tag-uudised","tag-viimased-uudised","tag-world","tag-world-news","tag-worldnews"],"share_on_mastodon":{"url":"https:\/\/pubeurope.com\/@ee\/116509539289026990","error":""},"_links":{"self":[{"href":"https:\/\/www.europesays.com\/ee\/wp-json\/wp\/v2\/posts\/168560","targetHints":{"allow":["GET"]}}],"collection":[{"href":"https:\/\/www.europesays.com\/ee\/wp-json\/wp\/v2\/posts"}],"about":[{"href":"https:\/\/www.europesays.com\/ee\/wp-json\/wp\/v2\/types\/post"}],"author":[{"embeddable":true,"href":"https:\/\/www.europesays.com\/ee\/wp-json\/wp\/v2\/users\/2"}],"replies":[{"embeddable":true,"href":"https:\/\/www.europesays.com\/ee\/wp-json\/wp\/v2\/comments?post=168560"}],"version-history":[{"count":0,"href":"https:\/\/www.europesays.com\/ee\/wp-json\/wp\/v2\/posts\/168560\/revisions"}],"wp:featuredmedia":[{"embeddable":true,"href":"https:\/\/www.europesays.com\/ee\/wp-json\/wp\/v2\/media\/168561"}],"wp:attachment":[{"href":"https:\/\/www.europesays.com\/ee\/wp-json\/wp\/v2\/media?parent=168560"}],"wp:term":[{"taxonomy":"category","embeddable":true,"href":"https:\/\/www.europesays.com\/ee\/wp-json\/wp\/v2\/categories?post=168560"},{"taxonomy":"post_tag","embeddable":true,"href":"https:\/\/www.europesays.com\/ee\/wp-json\/wp\/v2\/tags?post=168560"}],"curies":[{"name":"wp","href":"https:\/\/api.w.org\/{rel}","templated":true}]}}