{"id":168601,"date":"2026-05-03T09:00:08","date_gmt":"2026-05-03T09:00:08","guid":{"rendered":"https:\/\/www.europesays.com\/ee\/168601\/"},"modified":"2026-05-03T09:00:08","modified_gmt":"2026-05-03T09:00:08","slug":"efta-voitnud-doris-tilk-elab-raplamaa-metsade-vahel-siin-on-vahel-paris-keeruline-valmis-peab-olema-koigeks","status":"publish","type":"post","link":"https:\/\/www.europesays.com\/ee\/168601\/","title":{"rendered":"EFTA v\u00f5itnud Doris Tilk elab Raplamaa metsade vahel: siin on vahel p\u00e4ris keeruline, valmis peab olema k\u00f5igeks"},"content":{"rendered":"<p>Doris Tilk (33) oli 14aastane, kui m\u00e4ngis Hannat m\u00e4ngufilmis \u201eMina olin siin\u201c. Ta huvitus n\u00e4itlemisest juba varem, aga p\u00e4rast filmirolli kasvas huvi veelgi. Siiski ei l\u00e4inud Doris \u00f5ppima lavakunstikooli v\u00f5i Viljandi kultuuriakadeemiasse. Ta valis teise tee.<\/p>\n<p>Tihti ei peagi Doris midagi erilist filmis tegema, ainu\u00fcksi tema pilk suurel kinoekraanil t\u00e4idab kogu saali. Ta on m\u00e4nginud mitmes m\u00f5tlemapanevas rollis. Neist \u00fcks meeldej\u00e4\u00e4vamaid on Alina roll sarjas \u201eMinu kallis ema\u201c, mille eest p\u00e4lviski Eesti filmi- ja teleauhindade galal auhinna kategoorias parim naisn\u00e4itleja sarjas. \u201eAuhind teeb mind aupaklikuks, kuna minu k\u00f5rval oli nomineeritud t\u00f5eline kahurv\u00e4gi \u2013 Evelin V\u00f5igemast, Tiina Tauraite, \u00dclle Kaljuste ja Elisabet Reinsalu,\u201c lausub Doris, kes t\u00f6\u00f6tab Eesti Noorsooteatris. Ta on teinud k\u00f5vasti t\u00f6\u00f6d, et j\u00f5uda kolleegidega samale tasemele. Sel suvel saab teda n\u00e4ha lavastuses \u201eOokean meri\u201c, mida m\u00e4ngitakse Paljassaares Hundipeal Kakaolaos. <\/p>\n<p>Oled juba tellija?Logi sisse<\/p>\n","protected":false},"excerpt":{"rendered":"Doris Tilk (33) oli 14aastane, kui m\u00e4ngis Hannat m\u00e4ngufilmis \u201eMina olin siin\u201c. Ta huvitus n\u00e4itlemisest juba varem, aga&hellip;\n","protected":false},"author":2,"featured_media":168602,"comment_status":"","ping_status":"","sticky":false,"template":"","format":"standard","meta":{"footnotes":"","_share_on_mastodon":"0"},"categories":[16],"tags":[75489,37,33,35,173,34,36,140],"class_list":["post-168601","post","type-post","status-publish","format-standard","has-post-thumbnail","category-meelelahutus","tag-doris-tilk","tag-ee","tag-eesti","tag-eesti-keel","tag-entertainment","tag-estonia","tag-estonian","tag-meelelahutus"],"share_on_mastodon":{"url":"https:\/\/pubeurope.com\/@ee\/116509830309114666","error":""},"_links":{"self":[{"href":"https:\/\/www.europesays.com\/ee\/wp-json\/wp\/v2\/posts\/168601","targetHints":{"allow":["GET"]}}],"collection":[{"href":"https:\/\/www.europesays.com\/ee\/wp-json\/wp\/v2\/posts"}],"about":[{"href":"https:\/\/www.europesays.com\/ee\/wp-json\/wp\/v2\/types\/post"}],"author":[{"embeddable":true,"href":"https:\/\/www.europesays.com\/ee\/wp-json\/wp\/v2\/users\/2"}],"replies":[{"embeddable":true,"href":"https:\/\/www.europesays.com\/ee\/wp-json\/wp\/v2\/comments?post=168601"}],"version-history":[{"count":0,"href":"https:\/\/www.europesays.com\/ee\/wp-json\/wp\/v2\/posts\/168601\/revisions"}],"wp:featuredmedia":[{"embeddable":true,"href":"https:\/\/www.europesays.com\/ee\/wp-json\/wp\/v2\/media\/168602"}],"wp:attachment":[{"href":"https:\/\/www.europesays.com\/ee\/wp-json\/wp\/v2\/media?parent=168601"}],"wp:term":[{"taxonomy":"category","embeddable":true,"href":"https:\/\/www.europesays.com\/ee\/wp-json\/wp\/v2\/categories?post=168601"},{"taxonomy":"post_tag","embeddable":true,"href":"https:\/\/www.europesays.com\/ee\/wp-json\/wp\/v2\/tags?post=168601"}],"curies":[{"name":"wp","href":"https:\/\/api.w.org\/{rel}","templated":true}]}}