{"id":168604,"date":"2026-05-03T09:05:09","date_gmt":"2026-05-03T09:05:09","guid":{"rendered":"https:\/\/www.europesays.com\/ee\/168604\/"},"modified":"2026-05-03T09:05:09","modified_gmt":"2026-05-03T09:05:09","slug":"vene-ohurunnakud-tabasid-ukrainas-tsiviilrajoone-lapsed-paasesid-reisibussist-ehmatusega","status":"publish","type":"post","link":"https:\/\/www.europesays.com\/ee\/168604\/","title":{"rendered":"Vene \u00f5hur\u00fcnnakud tabasid Ukrainas tsiviilrajoone, lapsed p\u00e4\u00e4sesid reisibussist ehmatusega"},"content":{"rendered":"<p>\u00d5hut\u00f5rje likvideeris 249 drooni, kuid v\u00e4hemalt 19 drooni ja rakett j\u00f5udsid sihtm\u00e4rgini. <a rel=\"noopener nofollow\" target=\"_blank\" href=\"https:\/\/www.delfi.ee\/teema\/96880608\/dnipropetrovski-oblast\" tag-id=\"96880608\">Dnipropetrovski oblastis<\/a> Kr\u00f5nt\u0161anski rajoonis h\u00e4vines droonir\u00fcnnakus bensiinijaam ning purustati reisibuss, kus viibinud 40 koolilast j\u00f5udsid evakueeruda. \u00d5pilastele antakse ps\u00fchholoogilist abi.<\/p>\n<p>Kamianski rajoonis sai \u00f5hur\u00fcnnakutes haavata kuus inimest, sealhulgas \u00fcks 10-aastane laps ja 21-aastane rase naine. Nikopoli rajoonis sai kannatada eramaja ning 69-aastane elanik sai kergelt haavata.<\/p>\n<p>Odessas pommitati taristut ja sadama piirkonda. Hukkus kaks ja vigastada sai viis inimest.  Sum\u00f5s sai tabamuse viljaveok, mille juht sai r\u00e4ngalt viga. <\/p>\n<p><a rel=\"noopener nofollow\" target=\"_blank\" href=\"https:\/\/www.delfi.ee\/teema\/96864278\/herson-1\" tag-id=\"96864278\">Hersonis<\/a> sai tabamuse auto, kus viibinud 60-aastane mees hukkus, veel neli inimest sai vigastada. J\u00e4rgmises r\u00fcnnakus sai kahjustada kiirabiauto, kuid meedikud viga ei saanud.<\/p>\n<p><a rel=\"noopener nofollow\" target=\"_blank\" href=\"https:\/\/www.delfi.ee\/teema\/96866706\/tserkasso\" tag-id=\"96866706\">T\u0161erkass\u00f5s<\/a> toimus laup\u00e4eva \u00f5htul plahvatus kahekorruselises elumajas, kus hukkus kaks inimest. Teaaolevalt ei olnud tegu \u00f5hur\u00fcnnakuga ning juhtunu asjaolusid uuritakse.<\/p>\n<p>Kuidas see lugu Sind end tundma pani? Saada <a href=\"https:\/\/www.delfi.ee\/artikkel\/120572661\/vene-ohurunnakud-tabasid-ukrainas-tsiviilrajoone-lapsed-paasesid-reisibussist-ehmatusega\/kommentaarid\" class=\"article-body-bottom__comment article-body-bottom__comment--write button button--primary button--size-auto\" rel=\"nofollow noopener\" target=\"_blank\"> Kommenteeri <\/a><a href=\"https:\/\/www.delfi.ee\/artikkel\/120572661\/vene-ohurunnakud-tabasid-ukrainas-tsiviilrajoone-lapsed-paasesid-reisibussist-ehmatusega\/kommentaarid\" class=\"article-body-bottom__comment article-body-bottom__comment--read button button--size-auto\" rel=\"nofollow noopener\" target=\"_blank\"> Loe kommentaare <\/a><\/p>\n","protected":false},"excerpt":{"rendered":"\u00d5hut\u00f5rje likvideeris 249 drooni, kuid v\u00e4hemalt 19 drooni ja rakett j\u00f5udsid sihtm\u00e4rgini. Dnipropetrovski oblastis Kr\u00f5nt\u0161anski rajoonis h\u00e4vines droonir\u00fcnnakus&hellip;\n","protected":false},"author":2,"featured_media":168605,"comment_status":"","ping_status":"","sticky":false,"template":"","format":"standard","meta":{"footnotes":"","_share_on_mastodon":"0"},"categories":[5],"tags":[26,27,10736,37,33,35,34,36,31,32,21,4481,28,29,19,25,107,23,24,35950,262,22,20,96,30],"class_list":["post-168604","post","type-post","status-publish","format-standard","has-post-thumbnail","category-uldised-uudised","tag-breaking-news","tag-breakingnews","tag-dnipropetrovski-oblast","tag-ee","tag-eesti","tag-eesti-keel","tag-estonia","tag-estonian","tag-featured-news","tag-featurednews","tag-headlines","tag-herson","tag-latest-news","tag-latestnews","tag-news","tag-populaarseimad-lood","tag-soda-ukrainas","tag-top-stories","tag-topstories","tag-tserkasso","tag-ukraina","tag-uldised-uudised","tag-uudised","tag-venemaa","tag-viimased-uudised"],"share_on_mastodon":{"url":"https:\/\/pubeurope.com\/@ee\/116509849932634820","error":""},"_links":{"self":[{"href":"https:\/\/www.europesays.com\/ee\/wp-json\/wp\/v2\/posts\/168604","targetHints":{"allow":["GET"]}}],"collection":[{"href":"https:\/\/www.europesays.com\/ee\/wp-json\/wp\/v2\/posts"}],"about":[{"href":"https:\/\/www.europesays.com\/ee\/wp-json\/wp\/v2\/types\/post"}],"author":[{"embeddable":true,"href":"https:\/\/www.europesays.com\/ee\/wp-json\/wp\/v2\/users\/2"}],"replies":[{"embeddable":true,"href":"https:\/\/www.europesays.com\/ee\/wp-json\/wp\/v2\/comments?post=168604"}],"version-history":[{"count":0,"href":"https:\/\/www.europesays.com\/ee\/wp-json\/wp\/v2\/posts\/168604\/revisions"}],"wp:featuredmedia":[{"embeddable":true,"href":"https:\/\/www.europesays.com\/ee\/wp-json\/wp\/v2\/media\/168605"}],"wp:attachment":[{"href":"https:\/\/www.europesays.com\/ee\/wp-json\/wp\/v2\/media?parent=168604"}],"wp:term":[{"taxonomy":"category","embeddable":true,"href":"https:\/\/www.europesays.com\/ee\/wp-json\/wp\/v2\/categories?post=168604"},{"taxonomy":"post_tag","embeddable":true,"href":"https:\/\/www.europesays.com\/ee\/wp-json\/wp\/v2\/tags?post=168604"}],"curies":[{"name":"wp","href":"https:\/\/api.w.org\/{rel}","templated":true}]}}