{"id":168621,"date":"2026-05-03T09:38:08","date_gmt":"2026-05-03T09:38:08","guid":{"rendered":"https:\/\/www.europesays.com\/ee\/168621\/"},"modified":"2026-05-03T09:38:08","modified_gmt":"2026-05-03T09:38:08","slug":"miami-pohisoitu-alustavad-esireast-antonelli-ja-verstappen-vormelisport","status":"publish","type":"post","link":"https:\/\/www.europesays.com\/ee\/168621\/","title":{"rendered":"Miami p\u00f5his\u00f5itu alustavad esireast Antonelli ja Verstappen | Vormelisport"},"content":{"rendered":"<p>Vormel-1 hooaja neljanda etapi p\u00f5his\u00f5iduks tagas parima stardikoha Kimi Antonelli (Mercedes), kelle k\u00f5rvalt saab l\u00e4hte Max Verstappen (Red Bull).<\/p>\n<p>Viimasel kahel etapil v\u00f5idutsenud Antonelli oli esimeses kvalifikatsioonisessioonis kiireim ajaga 1.28,653, aga teises sessioonis n\u00e4itas v\u00f5imu Verstappen, kes sai ajaks 1.28,116. Otsustavas sessioonis viis Antonelli kiireima aja uude sekundisse ning teenis 1.27,798-ga esimese stardikoha, edestades Verstappenit (1.27,964) 0,166 sekundiga.<\/p>\n<p>Teisest reast saavad l\u00e4hte Charles Leclerc (Ferrari; +0,345) ning Lando Norris (McLaren; +0,385), nende j\u00e4rel on George Russell (Mercedes; +0,399) ning Lewis Hamilton (Ferrari; +0,521).<\/p>\n<p>Vormel-1 sari teatas kvalifikatsiooni j\u00e4rel, Miami GP p\u00f5his\u00f5it algusaeg tuuakse tormihoiatuse t\u00f5ttu kolme tunni v\u00f5rra varasemaks. Eesti aja j\u00e4rgi saab s\u00f5it alguse kell 20.<\/p>\n<p>MM-sarja \u00fcldliider on 75 punkti kogunud Antonelli, kes sai Miami sprindis\u00f5idus neljanda koha. Talle j\u00e4rgneb 68 punktiga Russell, esikolmikus j\u00e4tkab veel 55 punkti kogunud Leclerc, kellele j\u00e4rgnevad Hamilton (43 p), Norris (33 p) ja Oscar Piastri (McLaren; 28 p).<\/p>\n<blockquote class=\"twitter-tweet\">\n<p lang=\"en\" dir=\"ltr\">Kimi Antonelli and Max Verstappen on the front row! <\/p>\n<p>Here&#8217;s your Miami Grand Prix starting grid \u2b07\ufe0f<a href=\"https:\/\/twitter.com\/hashtag\/F1?src=hash&amp;ref_src=twsrc%5Etfw\" rel=\"nofollow noopener\" target=\"_blank\">#F1<\/a> <a href=\"https:\/\/twitter.com\/hashtag\/MiamiGP?src=hash&amp;ref_src=twsrc%5Etfw\" rel=\"nofollow noopener\" target=\"_blank\">#MiamiGP<\/a> <a href=\"https:\/\/t.co\/cH0yp8FKq4\" rel=\"nofollow\">pic.twitter.com\/cH0yp8FKq4<\/a><\/p>\n<p>\u2014 Formula 1 (@F1) <a href=\"https:\/\/twitter.com\/F1\/status\/2050686768924569634?ref_src=twsrc%5Etfw\" rel=\"nofollow noopener\" target=\"_blank\">May 2, 2026<\/a><\/p><\/blockquote>\n<p><script async src=\"https:\/\/platform.twitter.com\/widgets.js\" charset=\"utf-8\"><\/script><\/p>\n","protected":false},"excerpt":{"rendered":"Vormel-1 hooaja neljanda etapi p\u00f5his\u00f5iduks tagas parima stardikoha Kimi Antonelli (Mercedes), kelle k\u00f5rvalt saab l\u00e4hte Max Verstappen (Red&hellip;\n","protected":false},"author":2,"featured_media":168622,"comment_status":"","ping_status":"","sticky":false,"template":"","format":"standard","meta":{"footnotes":"","_share_on_mastodon":"0"},"categories":[5],"tags":[26,27,37,33,35,34,36,8136,31,32,21,19344,28,29,19,25,23,24,22,20,30,29372],"class_list":["post-168621","post","type-post","status-publish","format-standard","has-post-thumbnail","category-uldised-uudised","tag-breaking-news","tag-breakingnews","tag-ee","tag-eesti","tag-eesti-keel","tag-estonia","tag-estonian","tag-f1","tag-featured-news","tag-featurednews","tag-headlines","tag-kimi-antonelli","tag-latest-news","tag-latestnews","tag-news","tag-populaarseimad-lood","tag-top-stories","tag-topstories","tag-uldised-uudised","tag-uudised","tag-viimased-uudised","tag-vormel-1-2026"],"share_on_mastodon":{"url":"https:\/\/pubeurope.com\/@ee\/116509979733174887","error":""},"_links":{"self":[{"href":"https:\/\/www.europesays.com\/ee\/wp-json\/wp\/v2\/posts\/168621","targetHints":{"allow":["GET"]}}],"collection":[{"href":"https:\/\/www.europesays.com\/ee\/wp-json\/wp\/v2\/posts"}],"about":[{"href":"https:\/\/www.europesays.com\/ee\/wp-json\/wp\/v2\/types\/post"}],"author":[{"embeddable":true,"href":"https:\/\/www.europesays.com\/ee\/wp-json\/wp\/v2\/users\/2"}],"replies":[{"embeddable":true,"href":"https:\/\/www.europesays.com\/ee\/wp-json\/wp\/v2\/comments?post=168621"}],"version-history":[{"count":0,"href":"https:\/\/www.europesays.com\/ee\/wp-json\/wp\/v2\/posts\/168621\/revisions"}],"wp:featuredmedia":[{"embeddable":true,"href":"https:\/\/www.europesays.com\/ee\/wp-json\/wp\/v2\/media\/168622"}],"wp:attachment":[{"href":"https:\/\/www.europesays.com\/ee\/wp-json\/wp\/v2\/media?parent=168621"}],"wp:term":[{"taxonomy":"category","embeddable":true,"href":"https:\/\/www.europesays.com\/ee\/wp-json\/wp\/v2\/categories?post=168621"},{"taxonomy":"post_tag","embeddable":true,"href":"https:\/\/www.europesays.com\/ee\/wp-json\/wp\/v2\/tags?post=168621"}],"curies":[{"name":"wp","href":"https:\/\/api.w.org\/{rel}","templated":true}]}}