{"id":168742,"date":"2026-05-03T13:07:07","date_gmt":"2026-05-03T13:07:07","guid":{"rendered":"https:\/\/www.europesays.com\/ee\/168742\/"},"modified":"2026-05-03T13:07:07","modified_gmt":"2026-05-03T13:07:07","slug":"fotod-%e2%9f%a9-vagevad-eestlased-noppisid-emil-taas-palju-medaleid","status":"publish","type":"post","link":"https:\/\/www.europesays.com\/ee\/168742\/","title":{"rendered":"FOTOD \u27e9 V\u00e4gevad eestlased noppisid EMil taas palju medaleid"},"content":{"rendered":"<p class=\"x_MsoNormal\">Eilne p\u00e4ev t\u00f5i mitmeid silmapaistvaid tulemusi: Diana Melnyki kindel esikoht fitmodeli kategoorias kuni 162 cm; esikoha teenis ka Anna Kalinina, kes v\u00f5idutses bikinifitnessis kuni 168 cm kategoorias. Samuti t\u00f5i kuldmedali Eestile Johanna Tilk, kes oli parim Women Fit-Model kuni 172 cm arvestuses, lisaks j\u00f5udis ta bikinifitnessis samas pikkuskategoorias poolfinaali (TOP15).<\/p>\n<p class=\"x_MsoNormal\">Eestile tuli kuld ka fitness challenge\u2019i segapaaride arvestuses, kus parimad olid Ren\u00e9 Laane ja Siret Tara, individuaalarvestuses tuli kuldtaseme speedfitis esikohale Priit Meier.<\/p>\n<p class=\"x_MsoNormal\">H\u00f5bemedali noppisid Anastasija Kala\u0161nikova bikinifitnessis kuni 172 cm ning Briana Korniltsev fitmodeli juunioride kuni 166 cm kategoorias. Mirtel Lember saavutas samuti h\u00f5beda bikinifitnessi juunioride \u00fcle 166 cm arvestuses. Fitness challenge\u2019i kuldtaseme paarisv\u00f5istluses tulid teiseks Priit Meier ja Tauno Laasme.<\/p>\n<p class=\"x_MsoNormal\">Pronksmedaleid teenisid mitmed sportlased: Miina Meinvald saavutas wellnessis kuni 168 cm kolmanda koha ning tuli masters wellnessis (35\u201344 a) neljandaks. Karmen Kiier v\u00f5itis pronksi bodyfitnessi masters vanuseklassis 40\u201344 ning oli naiste kuni 168 cm kategoorias neljas. Alina Bogdanova tuli fitmodeli juunioride arvestuses kolmandaks.<\/p>\n","protected":false},"excerpt":{"rendered":"Eilne p\u00e4ev t\u00f5i mitmeid silmapaistvaid tulemusi: Diana Melnyki kindel esikoht fitmodeli kategoorias kuni 162 cm; esikoha teenis ka&hellip;\n","protected":false},"author":2,"featured_media":168743,"comment_status":"","ping_status":"","sticky":false,"template":"","format":"standard","meta":{"footnotes":"","_share_on_mastodon":"0"},"categories":[5],"tags":[78293,26,27,78294,37,33,35,34,36,31,32,21,13522,78243,28,29,19,25,33917,33915,78295,23,24,22,20,30],"class_list":["post-168742","post","type-post","status-publish","format-standard","has-post-thumbnail","category-uldised-uudised","tag-anna-kalinina","tag-breaking-news","tag-breakingnews","tag-diana-melnyk","tag-ee","tag-eesti","tag-eesti-keel","tag-estonia","tag-estonian","tag-featured-news","tag-featurednews","tag-headlines","tag-johanna-tilk","tag-kulturismi-ja-fitnessi-em","tag-latest-news","tag-latestnews","tag-news","tag-populaarseimad-lood","tag-priit-meier","tag-rene-laane","tag-siret-tara","tag-top-stories","tag-topstories","tag-uldised-uudised","tag-uudised","tag-viimased-uudised"],"share_on_mastodon":{"url":"https:\/\/pubeurope.com\/@ee\/116510801587423996","error":""},"_links":{"self":[{"href":"https:\/\/www.europesays.com\/ee\/wp-json\/wp\/v2\/posts\/168742","targetHints":{"allow":["GET"]}}],"collection":[{"href":"https:\/\/www.europesays.com\/ee\/wp-json\/wp\/v2\/posts"}],"about":[{"href":"https:\/\/www.europesays.com\/ee\/wp-json\/wp\/v2\/types\/post"}],"author":[{"embeddable":true,"href":"https:\/\/www.europesays.com\/ee\/wp-json\/wp\/v2\/users\/2"}],"replies":[{"embeddable":true,"href":"https:\/\/www.europesays.com\/ee\/wp-json\/wp\/v2\/comments?post=168742"}],"version-history":[{"count":0,"href":"https:\/\/www.europesays.com\/ee\/wp-json\/wp\/v2\/posts\/168742\/revisions"}],"wp:featuredmedia":[{"embeddable":true,"href":"https:\/\/www.europesays.com\/ee\/wp-json\/wp\/v2\/media\/168743"}],"wp:attachment":[{"href":"https:\/\/www.europesays.com\/ee\/wp-json\/wp\/v2\/media?parent=168742"}],"wp:term":[{"taxonomy":"category","embeddable":true,"href":"https:\/\/www.europesays.com\/ee\/wp-json\/wp\/v2\/categories?post=168742"},{"taxonomy":"post_tag","embeddable":true,"href":"https:\/\/www.europesays.com\/ee\/wp-json\/wp\/v2\/tags?post=168742"}],"curies":[{"name":"wp","href":"https:\/\/api.w.org\/{rel}","templated":true}]}}