{"id":168828,"date":"2026-05-03T16:03:08","date_gmt":"2026-05-03T16:03:08","guid":{"rendered":"https:\/\/www.europesays.com\/ee\/168828\/"},"modified":"2026-05-03T16:03:08","modified_gmt":"2026-05-03T16:03:08","slug":"uus-seadus-kaotab-maakonnaraamatukogudes-neli-riigipalgalist-tookohta-eesti","status":"publish","type":"post","link":"https:\/\/www.europesays.com\/ee\/168828\/","title":{"rendered":"Uus seadus kaotab maakonnaraamatukogudes neli riigipalgalist t\u00f6\u00f6kohta | Eesti"},"content":{"rendered":"<p>Valitsuselt heakskiidu saanud rahvaraamatukogude seaduse eeln\u00f5u kaotab \u00e4ra seni maakonnaraamatukogudes olnud neli riigipalgalist t\u00f6\u00f6kohta. Nii seisavad j\u00e4rgmisel aastal mitmed omavalitsused valiku ees, kas leida oma eelarvest raha nelja raamatukoguhoidja palga jaoks v\u00f5i nad koondada.<\/p>\n<p>K\u00f5ik maakonnaraamatukogud on seni saanud palgatoetust riigi\u00fclesannete t\u00e4itmiseks ehk igas maakonnas on piltlikult \u00f6eldes nelja raamatukoguhoidja palk tulnud riigi k\u00e4est. J\u00e4rgmisel aastal j\u00f5ustuma pidav seadusemuudatus aga koondab need \u00fclesanded rahvusraamatukokku ja nii j\u00e4\u00e4vad maakonnad palgatoetusest ilma.<\/p>\n<p>&#8220;Uue seadusega on v\u00e4ga palju kohustusi ja ootusi raamatukogudele ja kui me peaksime hakkama oma koosseisu v\u00e4hendama, siis me ei ole v\u00f5imelised kvaliteetset raamatukogu teenust pakkuma,&#8221; lausus J\u00e4rvamaa keskraamatukogu direktor Jane Kiristaja.<\/p>\n<p>Keskraamatukogu on seni saanud aastas riigilt \u00fcle 100 000 euro palgatoetust. Selle n\u00e4dala alguses k\u00e4is Kiristaja Paide linnavalitsuses olukorrast r\u00e4\u00e4kimas. N\u00fc\u00fcd peab linn otsustama, kas leida palgaraha oma eelarvest v\u00f5i tuleb osa t\u00f6\u00f6tajaid koondada.<\/p>\n<p>&#8220;Meie asume kolmel korrusel ja meil ei ole sellisel juhul piisavalt lugejateenindajaid, meil ei ole lastet\u00f6\u00f6tegijaid. Kuna uue seadusega oodatakse raamatukogudelt koolitustegevusi, siis nendeks meil inimesi ei ole,&#8221; s\u00f5nas Kiristaja.<\/p>\n<p>Paide linnavalitsus \u00fctles oma kirjalikus vastuses, et kuna seaduseeln\u00f5us on veel ebaselgust ja anal\u00fc\u00fcsimist vajavaid murekohti, siis on omavalitsus antud k\u00fcsimuses alles seisukohta kujundamas. Kultuuriministeeriumi raamatukogu n\u00f5uniku \u00dclle Talih\u00e4rmi s\u00f5nul on k\u00f5igi omavalitsustega sellest r\u00e4\u00e4gitud ja nad on juba m\u00f5nda aega teadlikud vajadusest raamatukogu t\u00f6\u00f6 \u00fcmberkorraldada.<\/p>\n<p>&#8220;Praegu oli m\u00f5neti ebav\u00f5rdne olukord, mis tuli v\u00e4lja ka j\u00e4relevalve tulemusel, et riiklike \u00fclesannete maht oli maakonniti v\u00e4ga erinev,&#8221; \u00fctles Talih\u00e4rm.<\/p>\n<p>Riiklikeks \u00fclesanneteks on n\u00e4iteks kogude komplekteerimine, bibliograafia- ja muude andmebaaside loomine ja teatmebibliograafilise t\u00f6\u00f6 korraldamine. Edaspidi t\u00e4idab riiklikke \u00fclesandeid rahvusraamatukogu, kes v\u00f5tab selleks 25 inimest konkursikorras t\u00f6\u00f6le.<\/p>\n<p>&#8220;Kui t\u00e4na saab toetust 58 inimest, siis tulevikus j\u00e4\u00e4b riiklikke \u00fclesandeid t\u00e4itma ainult 25 t\u00f6\u00f6tajat ja ressurss, mis siis t\u00f6\u00f6j\u00f5ukulust vabaneb, selle eest k\u00f5igile omavalitsustele andmekogu kasutamine h\u00fcvitatakse,&#8221; lausus Talih\u00e4rm.<\/p>\n<p>Talih\u00e4rmi s\u00f5nul hakatakse edaspidi k\u00f5ik raamatukogusid toetama \u00fchetaoliselt. Kui k\u00f5ik l\u00e4heb plaanide kohaselt, siis j\u00f5ustub uus rahvaraamatukogude seadus uuest aastas.<\/p>\n","protected":false},"excerpt":{"rendered":"Valitsuselt heakskiidu saanud rahvaraamatukogude seaduse eeln\u00f5u kaotab \u00e4ra seni maakonnaraamatukogudes olnud neli riigipalgalist t\u00f6\u00f6kohta. Nii seisavad j\u00e4rgmisel aastal&hellip;\n","protected":false},"author":2,"featured_media":168829,"comment_status":"","ping_status":"","sticky":false,"template":"","format":"standard","meta":{"footnotes":"","_share_on_mastodon":"0"},"categories":[12],"tags":[26,27,37,33,35,34,36,31,32,21,78325,28,29,78326,19,2681,25,14063,78324,23,24,22,78323,20,30],"class_list":["post-168828","post","type-post","status-publish","format-standard","has-post-thumbnail","category-eesti","tag-breaking-news","tag-breakingnews","tag-ee","tag-eesti","tag-eesti-keel","tag-estonia","tag-estonian","tag-featured-news","tag-featurednews","tag-headlines","tag-jane-kiristaja","tag-latest-news","tag-latestnews","tag-maakonnaraamatukogud","tag-news","tag-omavalitsused","tag-populaarseimad-lood","tag-raamatukogu","tag-rahvaraamatukogu-seadus","tag-top-stories","tag-topstories","tag-uldised-uudised","tag-ulle-taliharm","tag-uudised","tag-viimased-uudised"],"share_on_mastodon":{"url":"https:\/\/pubeurope.com\/@ee\/116511493859678485","error":""},"_links":{"self":[{"href":"https:\/\/www.europesays.com\/ee\/wp-json\/wp\/v2\/posts\/168828","targetHints":{"allow":["GET"]}}],"collection":[{"href":"https:\/\/www.europesays.com\/ee\/wp-json\/wp\/v2\/posts"}],"about":[{"href":"https:\/\/www.europesays.com\/ee\/wp-json\/wp\/v2\/types\/post"}],"author":[{"embeddable":true,"href":"https:\/\/www.europesays.com\/ee\/wp-json\/wp\/v2\/users\/2"}],"replies":[{"embeddable":true,"href":"https:\/\/www.europesays.com\/ee\/wp-json\/wp\/v2\/comments?post=168828"}],"version-history":[{"count":0,"href":"https:\/\/www.europesays.com\/ee\/wp-json\/wp\/v2\/posts\/168828\/revisions"}],"wp:featuredmedia":[{"embeddable":true,"href":"https:\/\/www.europesays.com\/ee\/wp-json\/wp\/v2\/media\/168829"}],"wp:attachment":[{"href":"https:\/\/www.europesays.com\/ee\/wp-json\/wp\/v2\/media?parent=168828"}],"wp:term":[{"taxonomy":"category","embeddable":true,"href":"https:\/\/www.europesays.com\/ee\/wp-json\/wp\/v2\/categories?post=168828"},{"taxonomy":"post_tag","embeddable":true,"href":"https:\/\/www.europesays.com\/ee\/wp-json\/wp\/v2\/tags?post=168828"}],"curies":[{"name":"wp","href":"https:\/\/api.w.org\/{rel}","templated":true}]}}