{"id":168947,"date":"2026-05-03T20:02:11","date_gmt":"2026-05-03T20:02:11","guid":{"rendered":"https:\/\/www.europesays.com\/ee\/168947\/"},"modified":"2026-05-03T20:02:11","modified_gmt":"2026-05-03T20:02:11","slug":"fotod-voitja-teada-kanal-2-suursaate-laul-vs-tants-pani-kinni-11-aastane-talendikas-laulja-mai-ringo","status":"publish","type":"post","link":"https:\/\/www.europesays.com\/ee\/168947\/","title":{"rendered":"FOTOD | V\u00f5itja teada! Kanal 2 suursaate \u201eLaul vs. tants\u201c pani kinni 11-aastane talendikas laulja Mai Ringo"},"content":{"rendered":"<p>Kevade suurima vastasseisu \u201eLaul vs. tants\u201c finaal j\u00f5uab t\u00e4na otsepildis Kanal 2 ekraanile. Talendis\u00f5u erakordses l\u00f5ppm\u00e4ngus l\u00e4hevad vastamisi kaheksa finalisti, kes toovad vaatajateni uhiuued \u00fcllatusi t\u00e4is laulu- ja tantsunumbrid. V\u00f5idu nimel l\u00e4hevad vastamisi lauljad Darja Jegi, Lilian Sauvola, Mai Ringo, LHV koor ning tantsija Ketlin Oja, tantsutrupid Dali in Bali, DADA ja Ian Dance Company.<\/p>\n<p>Finaalis on kogu otsustusv\u00f5im televaatajate k\u00e4tes, kuid oma m\u00f5tteid esituste kohta jagavad ka kohtunikud <a rel=\"noopener nofollow\" target=\"_blank\" href=\"https:\/\/www.delfi.ee\/teema\/58343648\/evelin-voigemast\" data-rel-date-range=\"[]\">Evelin V\u00f5igemast<\/a>, Kohver, <a rel=\"noopener nofollow\" target=\"_blank\" href=\"https:\/\/www.delfi.ee\/teema\/270\/koit-toome\" data-rel-date-range=\"[]\">Koit Toome<\/a>, <a rel=\"noopener nofollow\" target=\"_blank\" href=\"https:\/\/www.delfi.ee\/teema\/791\/juri-nael\" data-rel-date-range=\"[]\">J\u00fcri Nael<\/a> ja Linnar Looris. Telesaadet juhib <a rel=\"noopener nofollow\" target=\"_blank\" href=\"https:\/\/www.delfi.ee\/teema\/56505632\/priit-loog\" data-rel-date-range=\"[]\">Priit Loog<\/a>. Vaatem\u00e4ng kulmineerub saatesarja t\u0161empioni kroonimisega, samuti toob \u00f5htu \u00fcllatusesinemisi. <\/p>\n<p>Artikkel t\u00e4ieneb jooksvalt.<\/p>\n<p>Oled juba tellija?Logi sisse<\/p>\n<p><a href=\"https:\/\/kroonika.delfi.ee\/artikkel\/120572733\/kumb-jaab-peale-kanal-2-suursaates-laul-vs-tants-selgub-tana-ohtul-voitja\/kommentaarid\" class=\"article-body-bottom__comment article-body-bottom__comment--write button button--primary button--size-auto\" rel=\"nofollow noopener\" target=\"_blank\"> Kommenteeri <\/a><a href=\"https:\/\/kroonika.delfi.ee\/artikkel\/120572733\/kumb-jaab-peale-kanal-2-suursaates-laul-vs-tants-selgub-tana-ohtul-voitja\/kommentaarid\" class=\"article-body-bottom__comment article-body-bottom__comment--read button button--size-auto\" rel=\"nofollow noopener\" target=\"_blank\"> Loe kommentaare (55)<\/a><\/p>\n","protected":false},"excerpt":{"rendered":"Kevade suurima vastasseisu \u201eLaul vs. tants\u201c finaal j\u00f5uab t\u00e4na otsepildis Kanal 2 ekraanile. Talendis\u00f5u erakordses l\u00f5ppm\u00e4ngus l\u00e4hevad vastamisi&hellip;\n","protected":false},"author":2,"featured_media":168948,"comment_status":"","ping_status":"","sticky":false,"template":"","format":"standard","meta":{"footnotes":"","_share_on_mastodon":"0"},"categories":[16],"tags":[37,33,35,173,8219,34,36,5497,41790,259,4100,140,7481],"class_list":["post-168947","post","type-post","status-publish","format-standard","has-post-thumbnail","category-meelelahutus","tag-ee","tag-eesti","tag-eesti-keel","tag-entertainment","tag-estoni-kohver","tag-estonia","tag-estonian","tag-evelin-voigemast","tag-juri-nael","tag-kanal-2","tag-koit-toome","tag-meelelahutus","tag-priit-loog"],"share_on_mastodon":{"url":"https:\/\/pubeurope.com\/@ee\/116512433281273495","error":""},"_links":{"self":[{"href":"https:\/\/www.europesays.com\/ee\/wp-json\/wp\/v2\/posts\/168947","targetHints":{"allow":["GET"]}}],"collection":[{"href":"https:\/\/www.europesays.com\/ee\/wp-json\/wp\/v2\/posts"}],"about":[{"href":"https:\/\/www.europesays.com\/ee\/wp-json\/wp\/v2\/types\/post"}],"author":[{"embeddable":true,"href":"https:\/\/www.europesays.com\/ee\/wp-json\/wp\/v2\/users\/2"}],"replies":[{"embeddable":true,"href":"https:\/\/www.europesays.com\/ee\/wp-json\/wp\/v2\/comments?post=168947"}],"version-history":[{"count":0,"href":"https:\/\/www.europesays.com\/ee\/wp-json\/wp\/v2\/posts\/168947\/revisions"}],"wp:featuredmedia":[{"embeddable":true,"href":"https:\/\/www.europesays.com\/ee\/wp-json\/wp\/v2\/media\/168948"}],"wp:attachment":[{"href":"https:\/\/www.europesays.com\/ee\/wp-json\/wp\/v2\/media?parent=168947"}],"wp:term":[{"taxonomy":"category","embeddable":true,"href":"https:\/\/www.europesays.com\/ee\/wp-json\/wp\/v2\/categories?post=168947"},{"taxonomy":"post_tag","embeddable":true,"href":"https:\/\/www.europesays.com\/ee\/wp-json\/wp\/v2\/tags?post=168947"}],"curies":[{"name":"wp","href":"https:\/\/api.w.org\/{rel}","templated":true}]}}