{"id":169016,"date":"2026-05-03T23:31:34","date_gmt":"2026-05-03T23:31:34","guid":{"rendered":"https:\/\/www.europesays.com\/ee\/169016\/"},"modified":"2026-05-03T23:31:34","modified_gmt":"2026-05-03T23:31:34","slug":"akadeemia-juhatus-keelustab-99-oscarite-tseremoonial-tehisintellekti-loodud-sisu-tagades-voidud-ainult-inimestele","status":"publish","type":"post","link":"https:\/\/www.europesays.com\/ee\/169016\/","title":{"rendered":"Akadeemia juhatus keelustab 99. Oscarite tseremoonial tehisintellekti loodud sisu, tagades v\u00f5idud ainult inimestele"},"content":{"rendered":"<p>Peamised j\u00e4reldused:<\/p>\n<ul>\n<li>Akadeemia juhatus keelustab tehisintellekti 99. Oscarite auhinnatseremoonial, n\u00f5udes 2027. aasta m\u00e4rtsiks, et n\u00e4itlejate ja stsenaristide nimed oleksid ainult inimeste omad.<\/li>\n<li>Tyler Perry peatas 2024. aastal 800 miljoni dollari suuruse stuudio laiendamise, et protestida AI ohu vastu toimetajatele ja helispetsialistidele.<\/li>\n<li>Alates 2026. aastast m\u00f6\u00f6duvad Cannes&#8217;i ja Veneetsia v\u00f5itjad komiteedest, v\u00f5imaldades \u00fchele riigile mitu nominatsiooni.<\/li>\n<\/ul>\n<p> T\u00f6\u00f6stuse reaktsioon \u201eeksistentsiaalsele\u201d ohule <\/p>\n<p>Ameerika Filmikunsti ja -teaduste Akadeemia juhatus teatas ulatuslikest reeglite muudatustest eelseisvate 99. Oscarite jaoks, mille pealkirjaks on range m\u00e4\u00e4rus: tehisintellekti loodud sisu ei ole auhinnatseremoonial teretulnud. Otsus t\u00e4histab p\u00f6\u00f6rdepunkti t\u00f6\u00f6stuse v\u00f5itluses automatiseerimise vastu.<\/p>\n<p><a href=\"https:\/\/www.hollywoodreporter.com\/movies\/movie-news\/oscars-rules-2027-ai-actors-screenplays-international-1236581862\/\" target=\"_blank\" rel=\"noopener noreferrer nofollow\">The Hollywood Reporteri<\/a> andmetel on Akadeemia seisukoht otsene vastus kasvavale murele \u201eeksistentsiaalse ohu\u201d p\u00e4rast, mida tehisintellekt loomingulisele t\u00f6\u00f6j\u00f5ule kujutab. M\u00f5ned t\u00f6\u00f6stuse anal\u00fc\u00fctikud spekuleerivad, et seisukoht v\u00f5ib olla ka reaktsioon 2025. aastal surnud Val Kilmeri tehisintellekti tehnoloogiat kasutava rolli valmimisele.<\/p>\n<p>Lisaks on Akadeemia otsustanud, et Oscari v\u00f5ivad saada ainult inimeste kirjutatud stsenaariumid. Kuigi t\u00f6\u00f6stusele avaldati survet tegeleda <a href=\"https:\/\/news.bitcoin.com\/et\/skriptidest-parvedeni-miks-tehisintellekt-murrab-traditsioonilisi-sybil-runnakute-vastaseid-kaitsemeetmeid\/\" rel=\"nofollow noopener\" target=\"_blank\">tehisintellekti oh<\/a>uga, ei olnud varem selle t\u00f5usu vastu v\u00f5itlemiseks v\u00f5etud mingeid konkreetseid meetmeid.<\/p>\n<p>2024. aastal p\u00f5hjustas produtsent ja n\u00e4itleja Tyler Perry t\u00f6\u00f6stuses \u0161oki, kui ta teatas, et peatab m\u00e4\u00e4ramata ajaks oma Atlanta stuudiokompleksi 800 miljoni dollari suuruse laiendamise, olles n\u00e4inud OpenAI videogeneraatori Sora <a href=\"https:\/\/news.bitcoin.com\/creative-industry-veteran-ai-can-broaden-artistic-horizons-without-replacing-human-creativity\/\" rel=\"nofollow noopener\" target=\"_blank\">v\u00f5imekust<\/a>. Tol ajal hoiatas Perry, et see tehnoloogia \u201epuudutab meie t\u00f6\u00f6stuse iga nurka\u201d ja toob kaasa massilise t\u00f6\u00f6kohtade kaotuse n\u00e4itlejate, monteerijate ja helispetsialistide seas.<\/p>\n<p>\u201ePeab olema mingid eeskirjad, mis meid kaitsevad,\u201c \u00fctles Perry. \u201eKui neid pole, siis ma lihtsalt ei n\u00e4e, kuidas me ellu j\u00e4\u00e4me.\u201c Nende eeskirjade praeguse kodifitseerimisega n\u00e4ib Akadeemia pakkuvat regulatiivset \u201ekilpi\u201c, mille eest Perry ja teised t\u00f6\u00f6stuse liidrid on aastaid v\u00f5idelnud.<\/p>\n<p>  Uued standardid inimese autorlusele <\/p>\n<p>Uued eeskirjad k\u00f5rvaldavad generatiivse tehnoloogia suhtes kehtivad \u00f5iguslikud hallid alad. Uuendatud teise reegli kohaselt on k\u00f5lblikud ainult \u201et\u00f5endatavalt inimeste poolt esitatud\u201c etendused. See reegel n\u00f5uab ka esineja selges\u00f5nalist n\u00f5usolekut ja tema nimetamist filmi l\u00f5putiitrites. Juhatus lisas, et j\u00e4tab endale n\u00fc\u00fcd \u00f5iguse n\u00f5uda igas esitatud t\u00f6\u00f6s \u00fcksikasjalikku teavet AI kasutamise laadi kohta, et tagada \u201einimese autorluse\u201c s\u00e4ilimine standardina.<\/p>\n<p>Lisaks AI-vastastele meetmetele kaotas Akadeemia ka aastak\u00fcmneid kehtinud piirangu \u201e\u00fcks riik, \u00fcks film\u201d. Globaalse kino jaoks on see suur v\u00f5it, sest n\u00fc\u00fcd v\u00f5ib \u00fcks riik saada mitu nominatsiooni parima rahvusvahelise m\u00e4ngufilmi kategoorias.<\/p>\n<p>Film v\u00f5ib n\u00fc\u00fcd kvalifitseeruda, v\u00f5ites peaauhinna eliitfestivalidel, sealhulgas Cannes\u2019is, Veneetsias, Berliinis, Sundance\u2019is, Torontos v\u00f5i Busanis, vajadusel m\u00f6\u00f6da minnes traditsioonilisest kohaliku komitee valikuprotsessist. Lisaks antakse Oscar re\u017eiss\u00f6\u00f6rile nimepidi, mitte ainult riigile \u2013 muudatus, mille kohaselt oleks Norra v\u00f5it filmiga \u201eSentimental Value\u201c varem sel aastal l\u00e4inud otse filmitegija Joachim Trierile.<\/p>\n","protected":false},"excerpt":{"rendered":"Peamised j\u00e4reldused: Akadeemia juhatus keelustab tehisintellekti 99. Oscarite auhinnatseremoonial, n\u00f5udes 2027. aasta m\u00e4rtsiks, et n\u00e4itlejate ja stsenaristide nimed&hellip;\n","protected":false},"author":2,"featured_media":169017,"comment_status":"","ping_status":"","sticky":false,"template":"","format":"standard","meta":{"footnotes":"","_share_on_mastodon":"0"},"categories":[16],"tags":[21863,37,33,35,173,34,36,140],"class_list":["post-169016","post","type-post","status-publish","format-standard","has-post-thumbnail","category-meelelahutus","tag-artificial-intelligence-ai","tag-ee","tag-eesti","tag-eesti-keel","tag-entertainment","tag-estonia","tag-estonian","tag-meelelahutus"],"share_on_mastodon":{"url":"https:\/\/pubeurope.com\/@ee\/116513255167406526","error":""},"_links":{"self":[{"href":"https:\/\/www.europesays.com\/ee\/wp-json\/wp\/v2\/posts\/169016","targetHints":{"allow":["GET"]}}],"collection":[{"href":"https:\/\/www.europesays.com\/ee\/wp-json\/wp\/v2\/posts"}],"about":[{"href":"https:\/\/www.europesays.com\/ee\/wp-json\/wp\/v2\/types\/post"}],"author":[{"embeddable":true,"href":"https:\/\/www.europesays.com\/ee\/wp-json\/wp\/v2\/users\/2"}],"replies":[{"embeddable":true,"href":"https:\/\/www.europesays.com\/ee\/wp-json\/wp\/v2\/comments?post=169016"}],"version-history":[{"count":0,"href":"https:\/\/www.europesays.com\/ee\/wp-json\/wp\/v2\/posts\/169016\/revisions"}],"wp:featuredmedia":[{"embeddable":true,"href":"https:\/\/www.europesays.com\/ee\/wp-json\/wp\/v2\/media\/169017"}],"wp:attachment":[{"href":"https:\/\/www.europesays.com\/ee\/wp-json\/wp\/v2\/media?parent=169016"}],"wp:term":[{"taxonomy":"category","embeddable":true,"href":"https:\/\/www.europesays.com\/ee\/wp-json\/wp\/v2\/categories?post=169016"},{"taxonomy":"post_tag","embeddable":true,"href":"https:\/\/www.europesays.com\/ee\/wp-json\/wp\/v2\/tags?post=169016"}],"curies":[{"name":"wp","href":"https:\/\/api.w.org\/{rel}","templated":true}]}}