{"id":169095,"date":"2026-05-04T03:38:09","date_gmt":"2026-05-04T03:38:09","guid":{"rendered":"https:\/\/www.europesays.com\/ee\/169095\/"},"modified":"2026-05-04T03:38:09","modified_gmt":"2026-05-04T03:38:09","slug":"erk-uueks-juhiks-sai-rein-suurkask-eesti","status":"publish","type":"post","link":"https:\/\/www.europesays.com\/ee\/169095\/","title":{"rendered":"ERK uueks juhiks sai Rein Suurkask | Eesti"},"content":{"rendered":"<p>Erakond Eesti Rahvuslased ja Konservatiivid valis \u00fcldkoosolekul uueks esimeheks Rein Suurkase, aseesimeesteks aga Raul Kivi ja Paul Puustusmaa.<\/p>\n<p>Suurkask on varem (aastatel 2014\u20132024) kuulunud EKRE ridadesse. Ta oli ka . maist 26. oktoobrini\u00a02019\u00a0XIV riigikogu\u00a0liige seoses Kert Kingo\u00a0volituste peatumisega.<\/p>\n<p>ERK juhatuse liikmeteks valiti Lauri Koni, Siiri Rae, Andres Alver, Heldur Paulson, Alar Ani, K\u00e4tlin Kuusk, Helle Kullerkupp, Kalle Kivistik, Anto Anim\u00e4gi, Olev Kull, Ronald Judin, Ander Juurikas.<\/p>\n<p>&#8220;Millised me oleme, otsustame meie ise, mitte meie oponendid. Oleme tulnud selleks, et j\u00e4\u00e4da. Oleme \u00fchendav, mitte killustav erakond. Eesti inimene vajab t\u00e4na rahulikult ja v\u00e4\u00e4rikalt toimivat riiki,&#8221; teatas erakond.\u00a0<\/p>\n<p>Eelmine ERK esimees Silver Kuusik lahkus v\u00e4idetavalt tervislikel p\u00f5hjustel veebruaris erakonna esimehe kohalt ja lahkus ka erakonna ridadest. 22. veebruaril liitus aga Kuusik juba Keskerakonnaga, mille liige oli ta ka aastatel 2004\u20132014. P\u00e4rast seda j\u00f5udis Kuusik kuuluda ka Rahva \u00dchtsuse, Vabaerakonna, uuesti Rahva \u00dchtsuse, siis EKRE ja enne Keskerakonda naasmist ka ERK ridadesse.<\/p>\n<p>ERK liikmete arv langes viimastel n\u00e4dalatel alla 500 ehk alla n\u00f5utava miinimumi. Esmasp\u00e4evahommikuse seisuga oli ERK-s 502 liiget.<\/p>\n<p>Erakond Eesti Rahvuslased ja Konservatiivid loodi EKRE-st v\u00e4ljavisatud v\u00f5i lahkunute baasil 2024. aastal. Emori aprillikuises erakondade toetusuuringus oli ERK toetusnumber \u00fcks protsent.<\/p>\n","protected":false},"excerpt":{"rendered":"Erakond Eesti Rahvuslased ja Konservatiivid valis \u00fcldkoosolekul uueks esimeheks Rein Suurkase, aseesimeesteks aga Raul Kivi ja Paul Puustusmaa.&hellip;\n","protected":false},"author":2,"featured_media":169096,"comment_status":"","ping_status":"","sticky":false,"template":"","format":"standard","meta":{"footnotes":"","_share_on_mastodon":"0"},"categories":[12],"tags":[26,27,37,33,35,11530,3494,34,36,31,32,21,28,29,19,25,23,24,22,20,30],"class_list":["post-169095","post","type-post","status-publish","format-standard","has-post-thumbnail","category-eesti","tag-breaking-news","tag-breakingnews","tag-ee","tag-eesti","tag-eesti-keel","tag-eesti-rahvuslased-ja-konservatiivid","tag-erk","tag-estonia","tag-estonian","tag-featured-news","tag-featurednews","tag-headlines","tag-latest-news","tag-latestnews","tag-news","tag-populaarseimad-lood","tag-top-stories","tag-topstories","tag-uldised-uudised","tag-uudised","tag-viimased-uudised"],"share_on_mastodon":{"url":"https:\/\/pubeurope.com\/@ee\/116514226633621527","error":""},"_links":{"self":[{"href":"https:\/\/www.europesays.com\/ee\/wp-json\/wp\/v2\/posts\/169095","targetHints":{"allow":["GET"]}}],"collection":[{"href":"https:\/\/www.europesays.com\/ee\/wp-json\/wp\/v2\/posts"}],"about":[{"href":"https:\/\/www.europesays.com\/ee\/wp-json\/wp\/v2\/types\/post"}],"author":[{"embeddable":true,"href":"https:\/\/www.europesays.com\/ee\/wp-json\/wp\/v2\/users\/2"}],"replies":[{"embeddable":true,"href":"https:\/\/www.europesays.com\/ee\/wp-json\/wp\/v2\/comments?post=169095"}],"version-history":[{"count":0,"href":"https:\/\/www.europesays.com\/ee\/wp-json\/wp\/v2\/posts\/169095\/revisions"}],"wp:featuredmedia":[{"embeddable":true,"href":"https:\/\/www.europesays.com\/ee\/wp-json\/wp\/v2\/media\/169096"}],"wp:attachment":[{"href":"https:\/\/www.europesays.com\/ee\/wp-json\/wp\/v2\/media?parent=169095"}],"wp:term":[{"taxonomy":"category","embeddable":true,"href":"https:\/\/www.europesays.com\/ee\/wp-json\/wp\/v2\/categories?post=169095"},{"taxonomy":"post_tag","embeddable":true,"href":"https:\/\/www.europesays.com\/ee\/wp-json\/wp\/v2\/tags?post=169095"}],"curies":[{"name":"wp","href":"https:\/\/api.w.org\/{rel}","templated":true}]}}