{"id":169153,"date":"2026-05-04T05:35:10","date_gmt":"2026-05-04T05:35:10","guid":{"rendered":"https:\/\/www.europesays.com\/ee\/169153\/"},"modified":"2026-05-04T05:35:10","modified_gmt":"2026-05-04T05:35:10","slug":"mina-ei-saanud-mingit-raha-eik-jai-valja-muudud-kontserdiga-ise-miinusesse","status":"publish","type":"post","link":"https:\/\/www.europesays.com\/ee\/169153\/","title":{"rendered":"\u201eMina ei saanud mingit raha!\u201c EiK j\u00e4i v\u00e4lja m\u00fc\u00fcdud kontserdiga ise miinusesse"},"content":{"rendered":"<p>Eelmise aasta 26. septembril Tallinnas Kultuurikatlas toimunud \u00fcritusele m\u00fc\u00fcdi piletid juba aegsasti v\u00e4lja. Kontserdil tegid kaasa ka mitmed nimekad artistid, kellega EiK on oma karj\u00e4\u00e4ri jooksul koost\u00f6\u00f6d teinud. Nende seas olid n\u00e4iteks Duo Ruut, Villemdrillem, S\u00e4m, Maria Kallastu jt.<\/p>\n<p>Podcastis \u201ePohmellip\u00e4ev\u201c avaldas EiK, et l\u00f5puks kahes osas toimunud kontserdiga seotud kulutused l\u00e4ksid liiga suureks ja tema ei saanud vaatamata t\u00e4issaalile \u00fchtegi senti. \u201eMina ei saanud mingit raha, me j\u00e4ime miinusesse,\u201c tunnistab EiK <a rel=\"noopener nofollow\" target=\"_blank\" href=\"https:\/\/www.delfi.ee\/teema\/73082487\/mattias-naan\" tag-id=\"73082487\">Mattias Naani<\/a> juhitud saates. <\/p>\n<p>\u201eMeil oli t\u00e4ismaja, aga me m\u00fc\u00fcsime veits odava hinnaga pileteid t\u00e4nap\u00e4evase majandusliku olukorra kohta. Meil olid vist k\u00f5ige uuemad k\u00f5larid (&#8230;) K\u00f5ik oli \u00fcli\u00e4ge &#8211; sajandi promo\u00fcritus. Teised said palgad k\u00e4tte, aga minule j\u00e4i miinus, t\u00fchjad pihud,\u201c meenutab ta. <\/p>\n<p>Mattias Naan lisas, et piletihindade teema on tuttav ka kodumaistele koomikutele. \u201eMa n\u00e4en, kuidas koomikud peavad hinda t\u00f5stma, k\u00e4ibemaks ju t\u00f5useb. Ma enne ei tulnud selle pealegi, et see m\u00f5jutab nagu meid (&#8230;) Ilmselgelt peab piletihind maksma, aga see t\u00e4hendab seda, et tavatarbija peab maksma selle k\u00e4ibeka \u00e4ra selleks, et mina saaksin sama tulemuse,\u201c s\u00f5nab Naan oma podcasti uues osas.<\/p>\n<p>Koomik on m\u00e4rganud ise, et rendihinnad on n\u00e4iteks t\u00f5usnud. Hiljuti korraldas ta \u00fcritust nimega PissFEST. \u201ePanime pileti ka 12 v\u00f5i 15 eurot ja noh&#8230; ilmselgelt liiga v\u00e4he. Meil oli ka napilt nagu,\u201c \u00fctles Naan viidates sellele, kuidas suurkontsert EiKi jaoks l\u00f5ppes. Koomik on otsustanud, et tema esinemiste piletisumma lagi j\u00e4\u00e4b 25 euro juurde. <\/p>\n<p>Kuidas see lugu Sind end tundma pani? Saada <a href=\"https:\/\/kroonika.delfi.ee\/artikkel\/120572714\/mina-ei-saanud-mingit-raha-eik-jai-valja-muudud-kontserdiga-ise-miinusesse\/kommentaarid\" class=\"article-body-bottom__comment article-body-bottom__comment--write button button--primary button--size-auto\" rel=\"nofollow noopener\" target=\"_blank\"> Kommenteeri <\/a><a href=\"https:\/\/kroonika.delfi.ee\/artikkel\/120572714\/mina-ei-saanud-mingit-raha-eik-jai-valja-muudud-kontserdiga-ise-miinusesse\/kommentaarid\" class=\"article-body-bottom__comment article-body-bottom__comment--read button button--size-auto\" rel=\"nofollow noopener\" target=\"_blank\"> Loe kommentaare (2)<\/a><\/p>\n","protected":false},"excerpt":{"rendered":"Eelmise aasta 26. septembril Tallinnas Kultuurikatlas toimunud \u00fcritusele m\u00fc\u00fcdi piletid juba aegsasti v\u00e4lja. Kontserdil tegid kaasa ka mitmed&hellip;\n","protected":false},"author":2,"featured_media":169154,"comment_status":"","ping_status":"","sticky":false,"template":"","format":"standard","meta":{"footnotes":"","_share_on_mastodon":"0"},"categories":[16],"tags":[37,33,35,4685,173,34,36,7254,140],"class_list":["post-169153","post","type-post","status-publish","format-standard","has-post-thumbnail","category-meelelahutus","tag-ee","tag-eesti","tag-eesti-keel","tag-eik","tag-entertainment","tag-estonia","tag-estonian","tag-mattias-naan","tag-meelelahutus"],"share_on_mastodon":{"url":"https:\/\/pubeurope.com\/@ee\/116514686723303387","error":""},"_links":{"self":[{"href":"https:\/\/www.europesays.com\/ee\/wp-json\/wp\/v2\/posts\/169153","targetHints":{"allow":["GET"]}}],"collection":[{"href":"https:\/\/www.europesays.com\/ee\/wp-json\/wp\/v2\/posts"}],"about":[{"href":"https:\/\/www.europesays.com\/ee\/wp-json\/wp\/v2\/types\/post"}],"author":[{"embeddable":true,"href":"https:\/\/www.europesays.com\/ee\/wp-json\/wp\/v2\/users\/2"}],"replies":[{"embeddable":true,"href":"https:\/\/www.europesays.com\/ee\/wp-json\/wp\/v2\/comments?post=169153"}],"version-history":[{"count":0,"href":"https:\/\/www.europesays.com\/ee\/wp-json\/wp\/v2\/posts\/169153\/revisions"}],"wp:featuredmedia":[{"embeddable":true,"href":"https:\/\/www.europesays.com\/ee\/wp-json\/wp\/v2\/media\/169154"}],"wp:attachment":[{"href":"https:\/\/www.europesays.com\/ee\/wp-json\/wp\/v2\/media?parent=169153"}],"wp:term":[{"taxonomy":"category","embeddable":true,"href":"https:\/\/www.europesays.com\/ee\/wp-json\/wp\/v2\/categories?post=169153"},{"taxonomy":"post_tag","embeddable":true,"href":"https:\/\/www.europesays.com\/ee\/wp-json\/wp\/v2\/tags?post=169153"}],"curies":[{"name":"wp","href":"https:\/\/api.w.org\/{rel}","templated":true}]}}