{"id":169312,"date":"2026-05-04T09:18:09","date_gmt":"2026-05-04T09:18:09","guid":{"rendered":"https:\/\/www.europesays.com\/ee\/169312\/"},"modified":"2026-05-04T09:18:09","modified_gmt":"2026-05-04T09:18:09","slug":"amsterdam-keelustas-liha-ja-fossiilkutuste-avaliku-reklaami","status":"publish","type":"post","link":"https:\/\/www.europesays.com\/ee\/169312\/","title":{"rendered":"Amsterdam keelustas liha ja fossiilk\u00fctuste avaliku reklaami"},"content":{"rendered":"<p>Amsterdamist sai 1. mail maailma esimene pealinn, mis keelustas t\u00e4navapildis t\u00e4ielikult lihatoodete ja fossiilk\u00fctuste reklaamid, et viia linnakeskkond koosk\u00f5lla linnavalitsuse ambitsioonikate kliimaeesm\u00e4rkidega.<\/p>\n<p>Linna reklaamitahvlitelt ja bussipeatustest eemaldati burgerite, maasturite ning odavlennupiletite kampaaniad, asendades need muuseumide ja kultuuri\u00fcrituste kuulutustega.<\/p>\n","protected":false},"excerpt":{"rendered":"Amsterdamist sai 1. mail maailma esimene pealinn, mis keelustas t\u00e4navapildis t\u00e4ielikult lihatoodete ja fossiilk\u00fctuste reklaamid, et viia linnakeskkond&hellip;\n","protected":false},"author":2,"featured_media":169313,"comment_status":"","ping_status":"","sticky":false,"template":"","format":"standard","meta":{"footnotes":"","_share_on_mastodon":"0"},"categories":[80],"tags":[4412,26,27,37,33,35,34,36,31,32,26382,21,1356,15714,18339,28,29,78472,18798,95,19,25,23,24,22,20,78471,30,92,93,94],"class_list":["post-169312","post","type-post","status-publish","format-standard","has-post-thumbnail","category-maailm","tag-amsterdam","tag-breaking-news","tag-breakingnews","tag-ee","tag-eesti","tag-eesti-keel","tag-estonia","tag-estonian","tag-featured-news","tag-featurednews","tag-fossiilkutused","tag-headlines","tag-holland","tag-kliimakriis","tag-kliimapoliitika","tag-latest-news","tag-latestnews","tag-liha-tarbimine","tag-lihatooted","tag-maailm","tag-news","tag-populaarseimad-lood","tag-top-stories","tag-topstories","tag-uldised-uudised","tag-uudised","tag-valireklaam","tag-viimased-uudised","tag-world","tag-world-news","tag-worldnews"],"share_on_mastodon":{"url":"https:\/\/pubeurope.com\/@ee\/116515563849713682","error":""},"_links":{"self":[{"href":"https:\/\/www.europesays.com\/ee\/wp-json\/wp\/v2\/posts\/169312","targetHints":{"allow":["GET"]}}],"collection":[{"href":"https:\/\/www.europesays.com\/ee\/wp-json\/wp\/v2\/posts"}],"about":[{"href":"https:\/\/www.europesays.com\/ee\/wp-json\/wp\/v2\/types\/post"}],"author":[{"embeddable":true,"href":"https:\/\/www.europesays.com\/ee\/wp-json\/wp\/v2\/users\/2"}],"replies":[{"embeddable":true,"href":"https:\/\/www.europesays.com\/ee\/wp-json\/wp\/v2\/comments?post=169312"}],"version-history":[{"count":0,"href":"https:\/\/www.europesays.com\/ee\/wp-json\/wp\/v2\/posts\/169312\/revisions"}],"wp:featuredmedia":[{"embeddable":true,"href":"https:\/\/www.europesays.com\/ee\/wp-json\/wp\/v2\/media\/169313"}],"wp:attachment":[{"href":"https:\/\/www.europesays.com\/ee\/wp-json\/wp\/v2\/media?parent=169312"}],"wp:term":[{"taxonomy":"category","embeddable":true,"href":"https:\/\/www.europesays.com\/ee\/wp-json\/wp\/v2\/categories?post=169312"},{"taxonomy":"post_tag","embeddable":true,"href":"https:\/\/www.europesays.com\/ee\/wp-json\/wp\/v2\/tags?post=169312"}],"curies":[{"name":"wp","href":"https:\/\/api.w.org\/{rel}","templated":true}]}}