{"id":169330,"date":"2026-05-04T09:38:09","date_gmt":"2026-05-04T09:38:09","guid":{"rendered":"https:\/\/www.europesays.com\/ee\/169330\/"},"modified":"2026-05-04T09:38:09","modified_gmt":"2026-05-04T09:38:09","slug":"milano-inter-kindlustas-21-itaalia-meistritiitli-jalgpall","status":"publish","type":"post","link":"https:\/\/www.europesays.com\/ee\/169330\/","title":{"rendered":"Milano Inter kindlustas 21. Itaalia meistritiitli | Jalgpall"},"content":{"rendered":"<p>Itaalia jalgpalliklubi Milano Inter alistas kodupubliku ees 2:0 Parma ja kindlustas sellega 21. meistritiitli.<\/p>\n<p>Inter l\u00e4ks San Sirol juhtima avapoolaja esimesel lisaminutil, kui Piotr Zielinski andis hea s\u00f6\u00f6du Marcus Thuramile, kes saatis palli v\u00f5rku. L\u00f5ppseisu vormistas 80. minutil Henrih Mhitarjan.<\/p>\n<p>35 m\u00e4nguvooruga on Inter kogunud 82 punkti ja kolm vooru enne hooaja l\u00f5ppu edestatakse teisel kohal olevat Napolit 12 punktiga ehk Napolil pole enam v\u00f5imalik neid p\u00fc\u00fcda ja seega saigi Inter juba meistritiitlit t\u00e4histada.<\/p>\n<p>T\u00e4navusel hooajal on Inter n\u00e4idanud v\u00e4ga head r\u00fcnnakut, 35 m\u00e4nguga on l\u00f6\u00f6dud koguni 82 v\u00e4ravat \u2013 30 rohkem kui n\u00e4iteks Napoli.<\/p>\n<p>Inter m\u00e4ngib j\u00e4rgmisena v\u00f5\u00f5rsil Rooma Lazioga, kellega kohtutakse neli p\u00e4eva hiljem ka karikafinaalis ning seej\u00e4rel l\u00f5petatakse liigahooaeg kodus Verona ja v\u00f5\u00f5rsil Bologna vastu.<\/p>\n<p>Tulemused:<\/p>\n<p>Inter \u2013 Parma 2:0<br \/>Juventus \u2013 Verona 1:1<br \/>Sassuolo \u2013 AC Milan 2:0<br \/>Bologna \u2013 Cagliari 0:0<\/p>\n","protected":false},"excerpt":{"rendered":"Itaalia jalgpalliklubi Milano Inter alistas kodupubliku ees 2:0 Parma ja kindlustas sellega 21. meistritiitli. Inter l\u00e4ks San Sirol&hellip;\n","protected":false},"author":2,"featured_media":169331,"comment_status":"","ping_status":"","sticky":false,"template":"","format":"standard","meta":{"footnotes":"","_share_on_mastodon":"0"},"categories":[18],"tags":[37,33,35,34,36,2755,1811,1082,159,158],"class_list":["post-169330","post","type-post","status-publish","format-standard","has-post-thumbnail","category-sport","tag-ee","tag-eesti","tag-eesti-keel","tag-estonia","tag-estonian","tag-itaalia-jalgpalli-korgliiga","tag-milano-inter","tag-serie-a","tag-sport","tag-sports"],"share_on_mastodon":{"url":"https:\/\/pubeurope.com\/@ee\/116515641985640275","error":""},"_links":{"self":[{"href":"https:\/\/www.europesays.com\/ee\/wp-json\/wp\/v2\/posts\/169330","targetHints":{"allow":["GET"]}}],"collection":[{"href":"https:\/\/www.europesays.com\/ee\/wp-json\/wp\/v2\/posts"}],"about":[{"href":"https:\/\/www.europesays.com\/ee\/wp-json\/wp\/v2\/types\/post"}],"author":[{"embeddable":true,"href":"https:\/\/www.europesays.com\/ee\/wp-json\/wp\/v2\/users\/2"}],"replies":[{"embeddable":true,"href":"https:\/\/www.europesays.com\/ee\/wp-json\/wp\/v2\/comments?post=169330"}],"version-history":[{"count":0,"href":"https:\/\/www.europesays.com\/ee\/wp-json\/wp\/v2\/posts\/169330\/revisions"}],"wp:featuredmedia":[{"embeddable":true,"href":"https:\/\/www.europesays.com\/ee\/wp-json\/wp\/v2\/media\/169331"}],"wp:attachment":[{"href":"https:\/\/www.europesays.com\/ee\/wp-json\/wp\/v2\/media?parent=169330"}],"wp:term":[{"taxonomy":"category","embeddable":true,"href":"https:\/\/www.europesays.com\/ee\/wp-json\/wp\/v2\/categories?post=169330"},{"taxonomy":"post_tag","embeddable":true,"href":"https:\/\/www.europesays.com\/ee\/wp-json\/wp\/v2\/tags?post=169330"}],"curies":[{"name":"wp","href":"https:\/\/api.w.org\/{rel}","templated":true}]}}