{"id":169424,"date":"2026-05-04T11:21:08","date_gmt":"2026-05-04T11:21:08","guid":{"rendered":"https:\/\/www.europesays.com\/ee\/169424\/"},"modified":"2026-05-04T11:21:08","modified_gmt":"2026-05-04T11:21:08","slug":"erki-juhatusse-valiti-kolm-parnumaalast","status":"publish","type":"post","link":"https:\/\/www.europesays.com\/ee\/169424\/","title":{"rendered":"ERKi juhatusse valiti kolm p\u00e4rnumaalast"},"content":{"rendered":"<p>Eile \u00f5htul Tartus toimunud erakonna Eesti Rahvuslased ja Konservatiivid (ERK) \u00fcldkoosolekul valiti partei tosinaliikmelisse juhatusse kolm p\u00e4rnumaalast: ERKi P\u00e4rnumaa ringkonna esimees Helle Kullerkupp, aseesimees Heldur Paulson ja P\u00e4rnu osakonna juhatuse liige Siiri Rae.<\/p>\n<p>Kullerkupp ja Rae kuulusid erakonna juhatusse ka enne. Paulson valiti sinna esimest korda.<\/p>\n","protected":false},"excerpt":{"rendered":"Eile \u00f5htul Tartus toimunud erakonna Eesti Rahvuslased ja Konservatiivid (ERK) \u00fcldkoosolekul valiti partei tosinaliikmelisse juhatusse kolm p\u00e4rnumaalast: ERKi&hellip;\n","protected":false},"author":2,"featured_media":169425,"comment_status":"","ping_status":"","sticky":false,"template":"","format":"standard","meta":{"footnotes":"","_share_on_mastodon":"0"},"categories":[5],"tags":[26,27,37,33,35,78485,11530,3494,34,36,31,32,21,78483,15887,28,29,19,25,78484,23,24,22,20,30],"class_list":["post-169424","post","type-post","status-publish","format-standard","has-post-thumbnail","category-uldised-uudised","tag-breaking-news","tag-breakingnews","tag-ee","tag-eesti","tag-eesti-keel","tag-eesti-pollumeeste-kogu","tag-eesti-rahvuslased-ja-konservatiivid","tag-erk","tag-estonia","tag-estonian","tag-featured-news","tag-featurednews","tag-headlines","tag-heldur-paulson","tag-helle-kullerkupp","tag-latest-news","tag-latestnews","tag-news","tag-populaarseimad-lood","tag-siiri-rae","tag-top-stories","tag-topstories","tag-uldised-uudised","tag-uudised","tag-viimased-uudised"],"share_on_mastodon":{"url":"","error":""},"_links":{"self":[{"href":"https:\/\/www.europesays.com\/ee\/wp-json\/wp\/v2\/posts\/169424","targetHints":{"allow":["GET"]}}],"collection":[{"href":"https:\/\/www.europesays.com\/ee\/wp-json\/wp\/v2\/posts"}],"about":[{"href":"https:\/\/www.europesays.com\/ee\/wp-json\/wp\/v2\/types\/post"}],"author":[{"embeddable":true,"href":"https:\/\/www.europesays.com\/ee\/wp-json\/wp\/v2\/users\/2"}],"replies":[{"embeddable":true,"href":"https:\/\/www.europesays.com\/ee\/wp-json\/wp\/v2\/comments?post=169424"}],"version-history":[{"count":0,"href":"https:\/\/www.europesays.com\/ee\/wp-json\/wp\/v2\/posts\/169424\/revisions"}],"wp:featuredmedia":[{"embeddable":true,"href":"https:\/\/www.europesays.com\/ee\/wp-json\/wp\/v2\/media\/169425"}],"wp:attachment":[{"href":"https:\/\/www.europesays.com\/ee\/wp-json\/wp\/v2\/media?parent=169424"}],"wp:term":[{"taxonomy":"category","embeddable":true,"href":"https:\/\/www.europesays.com\/ee\/wp-json\/wp\/v2\/categories?post=169424"},{"taxonomy":"post_tag","embeddable":true,"href":"https:\/\/www.europesays.com\/ee\/wp-json\/wp\/v2\/tags?post=169424"}],"curies":[{"name":"wp","href":"https:\/\/api.w.org\/{rel}","templated":true}]}}