{"id":169484,"date":"2026-05-04T12:36:43","date_gmt":"2026-05-04T12:36:43","guid":{"rendered":"https:\/\/www.europesays.com\/ee\/169484\/"},"modified":"2026-05-04T12:36:43","modified_gmt":"2026-05-04T12:36:43","slug":"sojapaevik-1528-paev-usa-hoiatas-laant-et-relvatarned-hakkavad-hilinema","status":"publish","type":"post","link":"https:\/\/www.europesays.com\/ee\/169484\/","title":{"rendered":"S\u00d5JAP\u00c4EVIK (1528. p\u00e4ev) | USA hoiatas L\u00e4\u00e4nt, et relvatarned hakkavad hilinema"},"content":{"rendered":"<p><img decoding=\"async\" src=\"https:\/\/www.europesays.com\/ee\/wp-content\/uploads\/2026\/05\/d12bfa1d-4f4d-495e-b826-e7bda29f1ff2.jpg\" loading=\"lazy\" alt=\"Trump teatas ajakirjanikele, et USA-l on relvi \u00fcle kahe korra rohkem kui Iraani s\u00f5ja alguses. Pentagon on siiski murelik. \"\/><\/p>\n<p>Trump teatas ajakirjanikele, et USA-l on relvi \u00fcle kahe korra rohkem kui Iraani s\u00f5ja alguses. Pentagon on siiski murelik. <\/p>\n<p>FOTO: RS\/MPI\/Capital Pictures| \u00a9RS\/MPI\/Capital Pictures<\/p>\n<p>Washington hoiatas Eestit, Poolat, Leedut ja \u00dchendkuningriiki, et nood peaksid valmistuma USA relvatarnete hilinemiseks. Financial Timesi allikate s\u00f5nul on arutatud v\u00f5imalust suunata osa tarneid \u00fcmber Aasiasse.<\/p>\n","protected":false},"excerpt":{"rendered":"Trump teatas ajakirjanikele, et USA-l on relvi \u00fcle kahe korra rohkem kui Iraani s\u00f5ja alguses. Pentagon on siiski&hellip;\n","protected":false},"author":2,"featured_media":169485,"comment_status":"","ping_status":"","sticky":false,"template":"","format":"standard","meta":{"footnotes":"","_share_on_mastodon":"0"},"categories":[80],"tags":[26,27,37,33,35,34,36,31,32,21,6627,28,29,95,19,460,25,107,23,24,22,20,30,263,92,93,94],"class_list":["post-169484","post","type-post","status-publish","format-standard","has-post-thumbnail","category-maailm","tag-breaking-news","tag-breakingnews","tag-ee","tag-eesti","tag-eesti-keel","tag-estonia","tag-estonian","tag-featured-news","tag-featurednews","tag-headlines","tag-himars","tag-latest-news","tag-latestnews","tag-maailm","tag-news","tag-pentagon","tag-populaarseimad-lood","tag-soda-ukrainas","tag-top-stories","tag-topstories","tag-uldised-uudised","tag-uudised","tag-viimased-uudised","tag-volodomor-zelenskoi","tag-world","tag-world-news","tag-worldnews"],"share_on_mastodon":{"url":"https:\/\/pubeurope.com\/@ee\/116516342196201338","error":""},"_links":{"self":[{"href":"https:\/\/www.europesays.com\/ee\/wp-json\/wp\/v2\/posts\/169484","targetHints":{"allow":["GET"]}}],"collection":[{"href":"https:\/\/www.europesays.com\/ee\/wp-json\/wp\/v2\/posts"}],"about":[{"href":"https:\/\/www.europesays.com\/ee\/wp-json\/wp\/v2\/types\/post"}],"author":[{"embeddable":true,"href":"https:\/\/www.europesays.com\/ee\/wp-json\/wp\/v2\/users\/2"}],"replies":[{"embeddable":true,"href":"https:\/\/www.europesays.com\/ee\/wp-json\/wp\/v2\/comments?post=169484"}],"version-history":[{"count":0,"href":"https:\/\/www.europesays.com\/ee\/wp-json\/wp\/v2\/posts\/169484\/revisions"}],"wp:featuredmedia":[{"embeddable":true,"href":"https:\/\/www.europesays.com\/ee\/wp-json\/wp\/v2\/media\/169485"}],"wp:attachment":[{"href":"https:\/\/www.europesays.com\/ee\/wp-json\/wp\/v2\/media?parent=169484"}],"wp:term":[{"taxonomy":"category","embeddable":true,"href":"https:\/\/www.europesays.com\/ee\/wp-json\/wp\/v2\/categories?post=169484"},{"taxonomy":"post_tag","embeddable":true,"href":"https:\/\/www.europesays.com\/ee\/wp-json\/wp\/v2\/tags?post=169484"}],"curies":[{"name":"wp","href":"https:\/\/api.w.org\/{rel}","templated":true}]}}