{"id":169555,"date":"2026-05-04T13:51:14","date_gmt":"2026-05-04T13:51:14","guid":{"rendered":"https:\/\/www.europesays.com\/ee\/169555\/"},"modified":"2026-05-04T13:51:14","modified_gmt":"2026-05-04T13:51:14","slug":"madridi-real-sailitas-orna-tiitlilootuse-jalgpall","status":"publish","type":"post","link":"https:\/\/www.europesays.com\/ee\/169555\/","title":{"rendered":"Madridi Real s\u00e4ilitas \u00f5rna tiitlilootuse | Jalgpall"},"content":{"rendered":"<p>Hispaania jalgpalli k\u00f5rgliigas alistas Madridi Real v\u00f5\u00f5rsil 2:0 Espanyoli ning s\u00e4ilitas \u00f5rna tiitlilootuse.<\/p>\n<p>M\u00f5lemad v\u00e4ravad l\u00f5i Vinicius Junior, kes avas skoori 55. minutil ja sai teise tabamuse kirja 11 minutit hiljem.<\/p>\n<p>Hispaanias on hooaja l\u00f5puni j\u00e4\u00e4nud neli m\u00e4ngu. Liidrikohal on Barcelona 88 punktiga, Real j\u00e4\u00e4b teisena neist maha 11 punktiga.<\/p>\n<p>P\u00fchap\u00e4eval v\u00f5\u00f5rustab Barcelona Reali j\u00e4rjekordses El Clasicos, millega neil on v\u00f5imalik meistritiitel \u00e4ra kindlustada.<\/p>\n<p>Tulemused:<\/p>\n<p>Espanyol \u2013 Madridi Real 0:2<br \/>Betis \u2013 Oviedo 3:0<br \/>Getafe \u2013 Rayo Vallecano 0:2<br \/>Celta Vigo \u2013 Elche 3:1<\/p>\n","protected":false},"excerpt":{"rendered":"Hispaania jalgpalli k\u00f5rgliigas alistas Madridi Real v\u00f5\u00f5rsil 2:0 Espanyoli ning s\u00e4ilitas \u00f5rna tiitlilootuse. M\u00f5lemad v\u00e4ravad l\u00f5i Vinicius Junior,&hellip;\n","protected":false},"author":2,"featured_media":169556,"comment_status":"","ping_status":"","sticky":false,"template":"","format":"standard","meta":{"footnotes":"","_share_on_mastodon":"0"},"categories":[18],"tags":[37,33,35,34,36,3197,606,3196,159,158,15154],"class_list":["post-169555","post","type-post","status-publish","format-standard","has-post-thumbnail","category-sport","tag-ee","tag-eesti","tag-eesti-keel","tag-estonia","tag-estonian","tag-hispaania-jalgpalli-korgliiga","tag-la-liga","tag-madridi-real","tag-sport","tag-sports","tag-vinicius-junior"],"share_on_mastodon":{"url":"https:\/\/pubeurope.com\/@ee\/116516636893853493","error":""},"_links":{"self":[{"href":"https:\/\/www.europesays.com\/ee\/wp-json\/wp\/v2\/posts\/169555","targetHints":{"allow":["GET"]}}],"collection":[{"href":"https:\/\/www.europesays.com\/ee\/wp-json\/wp\/v2\/posts"}],"about":[{"href":"https:\/\/www.europesays.com\/ee\/wp-json\/wp\/v2\/types\/post"}],"author":[{"embeddable":true,"href":"https:\/\/www.europesays.com\/ee\/wp-json\/wp\/v2\/users\/2"}],"replies":[{"embeddable":true,"href":"https:\/\/www.europesays.com\/ee\/wp-json\/wp\/v2\/comments?post=169555"}],"version-history":[{"count":0,"href":"https:\/\/www.europesays.com\/ee\/wp-json\/wp\/v2\/posts\/169555\/revisions"}],"wp:featuredmedia":[{"embeddable":true,"href":"https:\/\/www.europesays.com\/ee\/wp-json\/wp\/v2\/media\/169556"}],"wp:attachment":[{"href":"https:\/\/www.europesays.com\/ee\/wp-json\/wp\/v2\/media?parent=169555"}],"wp:term":[{"taxonomy":"category","embeddable":true,"href":"https:\/\/www.europesays.com\/ee\/wp-json\/wp\/v2\/categories?post=169555"},{"taxonomy":"post_tag","embeddable":true,"href":"https:\/\/www.europesays.com\/ee\/wp-json\/wp\/v2\/tags?post=169555"}],"curies":[{"name":"wp","href":"https:\/\/api.w.org\/{rel}","templated":true}]}}