{"id":169568,"date":"2026-05-04T14:04:18","date_gmt":"2026-05-04T14:04:18","guid":{"rendered":"https:\/\/www.europesays.com\/ee\/169568\/"},"modified":"2026-05-04T14:04:18","modified_gmt":"2026-05-04T14:04:18","slug":"erk-i-juht-suurkask-loodame-konetada-poliitikas-pettunud-inimesi-eesti","status":"publish","type":"post","link":"https:\/\/www.europesays.com\/ee\/169568\/","title":{"rendered":"ERK-i juht Suurkask: loodame k\u00f5netada poliitikas pettunud inimesi | Eesti"},"content":{"rendered":"<p data-path-to-node=\"0\">Millise tervise juures teie hinnangul Rahvuslaste ja Konservatiivide Erakond (ERK) praegu on?<\/p>\n<p data-path-to-node=\"1\">Ma arvan, et hea tervise juures, meil on toimiv meeskond. Ma olen juba tegelikult seda erakonda juhtinud siin pea pool aastat p\u00e4rast Silver Kuusiku taandumist ja olen t\u00e4hele pannud, et meie \u00fcmber on tublid ja toimekad inimesed, kes suudavad erakonda edasi viia.<\/p>\n<p data-path-to-node=\"2\">Samas on erakonna liikmete arv k\u00f5ikunud ohtlikult madalale, vahepeal lausa alla 500, ja praegu on veidi \u00fcle 500. Teatavasti peab Eestis erakonnal olema v\u00e4hemalt 500 liiget. See v\u00e4ga kindlust ei anna. Mida te kavatsete selle olukorra muutmiseks teha, kas plaanite k\u00e4ivitada n\u00e4iteks m\u00f5ne v\u00e4rbamiskampaania?<\/p>\n<p data-path-to-node=\"3\">Selliseid k\u00f5ikumisi on erakonnasiseselt ikka ja eks ka endise esimehe lahkumine m\u00f5jutas teatavat kontingenti meie liikmetest. Tundub aga, et praeguseks on olukord stabiilne, kasvutrendis.<\/p>\n<p data-path-to-node=\"4\">Kas ta v\u00f5ttis m\u00f5ned inimesed endaga Keskerakonda kaasa?<\/p>\n<p data-path-to-node=\"5\">Seda ma ei oska \u00f6elda, aga lahkujaid on olnud k\u00fcll. Samas on olnud ka juurdetulijaid, nii et selles m\u00f5ttes on asi ikkagi stabiilne. Ja liigub paremuse poole.<\/p>\n<p data-path-to-node=\"6\">Erakonna toetus ei ole samuti just v\u00e4ga heas seisus. Emori aprillikuises toetusuuringus oli ERK-i toetus \u00fcks protsent.<\/p>\n<p data-path-to-node=\"7\">Seda k\u00fcll. Tuletan ka meelde, et meil on hetkel v\u00e4ga v\u00e4ike erakond, hetkel. Vast ehk isegi k\u00f5ige v\u00e4iksema liikmeskonnaga, see ka natukene m\u00f5jutab seda protsessi.<\/p>\n<p data-path-to-node=\"8\">Millised on teie plaanid esimehena, et seda k\u00f5ike muuta?<\/p>\n<p data-path-to-node=\"9\">Eesm\u00e4rk on liikmete arvu kasvatada ja inimesi liita, mitte t\u00f5mmata maha punaseid jooni. T\u00e4na on p\u00e4ris kurb vaadata, kuidas Eesti rahvas on nii \u00e4ra killustatud. \u00dche v\u00e4ikse rahvakillu kohta on see liig mis liig. Meie p\u00fc\u00fcame inimesi liita ja siduda, et asi l\u00e4heks paremuse poole.<\/p>\n<p data-path-to-node=\"10\">Loomulikult annab meile juba kaalu juurde ka see, et meiega on liitumas P\u00f5llumeeste Kogu ja Vabaduspartei. Tahaks loota, et kus on, sinna tuleb juurde. Kui saame ikkagi \u00fcle 1000 liikme kokku, on see juba suurep\u00e4rane.<\/p>\n<p data-path-to-node=\"11\">Teame, et ERK s\u00fcndis suuresti EKRE endistest liikmetest. Kas ERK-il ja EKRE-l on kattuv valijaskond v\u00f5i keda te n\u00e4ete praegu oma erakonna potentsiaalse valijagrupina?<\/p>\n<p data-path-to-node=\"12\">Mina n\u00e4en praegu neid, kes ei ole \u00fcldse mitte kunagi valimas k\u00e4inud ja kes on nii solvunud. V\u00f5ib-olla me suudame neid inimesi aktiveerida ja valimiskastide juurde tuua. See oleks p\u00e4ris hea moodus inimesi uuesti ellu \u00e4ratada ja n\u00e4idata, et Eestis elu paremaks muutmise nimel loeb iga inimene.<\/p>\n<p data-path-to-node=\"13\">Kas ERK plaanib eelseisvatel riigikogu valimistel osaleda?<\/p>\n<p data-path-to-node=\"14\">Plaanime ikka. Kas n\u00fc\u00fcd p\u00e4ris t\u00e4ies mahus, aga ikkagi plaanime. See on eesm\u00e4rk. Iga erakonna eesm\u00e4rk on ju osaleda riigikogu valimistel. Anname oma parima ja eks siis valija h\u00e4\u00e4l otsustab.<\/p>\n<p data-path-to-node=\"15\">Mida te v\u00e4rske esimehena potentsiaalsetele valijatele \u00fctlete, mille poolest ERK erineb teistest konservatiivsema suunaga erakondadest, n\u00e4iteks EKRE-st, Isamaast v\u00f5i ka Keskerakonnast?<\/p>\n<p data-path-to-node=\"16\">Kui n\u00fc\u00fcd p\u00e4ris EKRE-ga v\u00f5rrelda, siis me nii \u00e4\u00e4rmuskonservatiivid tegelikult ei ole. Me p\u00fc\u00fcame seda joont hoida, et me oleme stabiilsed. Me ei taha kaasa minna selliste pakkumistega, et meile pannakse s\u00f5nad suhu ja r\u00e4\u00e4kige. Me tahame ise oma m\u00f5tteid, arusaamu ja poliitikat v\u00e4ljendada. See on meie jaoks hoopis t\u00e4htsam kui see, et meid pannakse teiste konservatiividega \u00fchte patta ja \u00f6eldakse, et nii ongi.<\/p>\n<p data-path-to-node=\"17\">Mida te silmas peate sellega, et teile pannakse s\u00f5nad suhu?<\/p>\n<p data-path-to-node=\"18\">Konservatiivide kohta \u00f6eldakse, et te olete vanas kinni ja mis k\u00f5ik veel. Konservatiiv on ikkagi see, kes parimate teadmiste juures toimetab. Ja need parimad teadmised tulevad minevikust, mitte tulevikust. Aga ka tulevik on v\u00e4ga t\u00e4htis. Kui on v\u00e4ga h\u00e4id ideid ja m\u00f5tteid, oleme alati valmis nendega kaasa minema. Me ei ole lihtsalt \u00fches kohas kinni, alati on v\u00f5imalik edasi liikuda.<\/p>\n<p data-path-to-node=\"19\">Kuidas te ERK-i maailmavaate s\u00f5nastaksite?<\/p>\n<p data-path-to-node=\"20\">Me oleme rahvuskonservatiivid, ja seda k\u00f5ige paremas t\u00e4henduses. Meile on t\u00e4htis eesti keele ja kultuuri s\u00e4ilimine, sest ilmas ei ole ju teist kohta, kus saaksime eesti keelt r\u00e4\u00e4kida ja omavahel suhelda. Eesti keel on h\u00e4sti oluline. Eesti riik on t\u00e4htis meie jaoks, et see s\u00e4iliks.<\/p>\n<p data-path-to-node=\"21\">Sellised eesm\u00e4rgid on ka liberaalsetel ja vasakpoolsetel erakondadel. Et Eesti riik, keel ja kultuur s\u00e4iliks \u2013 see on p\u00f5hiseaduses kirjas ja k\u00f5ik erakonnad esindavad seda suunda.<\/p>\n<p data-path-to-node=\"22\">Absoluutselt esindavadki. Siin tegelikult liberaalide ja konservatiivide vahel ristuvad need jooned, kus me k\u00f5nnime. Tegelikult saab ju v\u00f5rdusm\u00e4rgi t\u00f5mmata, et k\u00f5ik soovivad \u00fchte ja sama asja, aga k\u00f5ik on erineva tee valinud selleks.<\/p>\n<p data-path-to-node=\"23\">Aga parempoolne erakond ikkagi olete?<\/p>\n<p data-path-to-node=\"24\">Jah. Pigem ikkagi tsentrist paremale jah.<\/p>\n<p data-path-to-node=\"25\">Olete isegi endine EKRE liige. Kuidas te vaatate praegu seda olukorda EKRE-s ja milliseid otsuseid seal tehakse? Nimetasite seda erakonda ennist \u00e4\u00e4rmuskonservatiivseks.<\/p>\n<p data-path-to-node=\"26\">Kas nad n\u00fc\u00fcd p\u00e4ris \u00e4\u00e4rmuskonservatiivsed on&#8230; Ma arvan, et iga\u00fcks valib oma poliitilise tegevuse ja v\u00e4lja\u00fctlemised ise, seda ei saa keegi teine kujundada. T\u00e4pselt samamoodi nagu EKRE toimetab, nii toimetame meie. Ma parandan ennast. EKRE ei ole ehk p\u00e4ris \u00e4\u00e4rmuskonservatiivne erakond. Aga neil on omad kindlad t\u00f5ekspidamised, millest nad mitte kunagi ei taandu. See on ka meil t\u00e4pselt samamoodi, et ajame oma kindlat joont just rahvuskonservatiivsel tasandil.<\/p>\n<p data-path-to-node=\"27\">Mis see p\u00f5hiline erinevus siis on, et EKRE on lihtsalt rohkem k\u00e4remeelne?<\/p>\n<p data-path-to-node=\"28\">K\u00e4remeelne v\u00f5ib-olla t\u00f5epoolest. Need v\u00e4lja\u00fctlemised v\u00f5ib-olla natuke heidutavad t\u00e4naseid inimesi ja t\u00e4nast valijat. See on ehk natukene \u00fcle. Aga iseenesest t\u00f6\u00f6tab ka niipidi. Siin on lugu see ka, et rahvas on h\u00e4sti \u00e4ra hirmutatud, k\u00fcll s\u00f5jatemaatika, k\u00fcll \u00fcksk\u00f5ik millega. Kui sinna veel v\u00fcrtsi juurde panna, satuvad inimesed t\u00e4iesti segadusse.<\/p>\n<p data-path-to-node=\"29\">EKRE on praegu silma paistnud ka sellega, et Ukraina toetamise suhtes ollakse sellisel kriitilisel joonel ning erakonna juhtide poolt on esinetud segaste s\u00f5numitega. Mis seisukohal on ERK Ukraina s\u00f5ja ja toetamise k\u00fcsimuses?<\/p>\n<p data-path-to-node=\"30\">Ukrainat peab toetama, sest me teame v\u00e4ga h\u00e4sti, kes on agressor. See peab olema ilmselgelt ja \u00fcheselt m\u00f5istetavalt v\u00e4lja \u00f6eldud. Samas me leiame, et siseriiklikult on palju t\u00e4htsam, et meie oma inimesed tuleksid t\u00e4nases olukorras toime. Meie prioriteet on ikkagi Eesti inimesed. Loomulikult ei unusta me \u00e4ra ka Ukrainat, aga v\u00f5imaluste piires.<\/p>\n<p data-path-to-node=\"31\">Kommenteerige palun natukene ka Silver Kuusiku liitumist Keskerakonnaga. Ja kui head t\u00f6\u00f6d ta endise esimehena ERK-is tegi?<\/p>\n<p data-path-to-node=\"32\">P\u00f5him\u00f5tteliselt tegi ta ikka t\u00f6\u00f6d ka, aga tema puhul sai talle saatuslikuks selline l\u00e4bip\u00f5lemine peale kohalikke valimisi. Kas ei j\u00e4tkunud tal siis n\u00e4rvi v\u00f5i kuidas ta selle asjaga oli, ma ei oskagi \u00f6elda. Inimese sisse ei n\u00e4e.<\/p>\n<p data-path-to-node=\"33\">On see ERK-i jaoks kaotus, et ta Keskerakonnaga liitus, v\u00f5i peate seda reetmiseks? Kuidas te seda hindate?<\/p>\n<p data-path-to-node=\"34\">Kui inimesed lahkuvad ja leiavad endale teise erakonna, on see puhtalt nende oma asi. Esimene moment oli jah, et ongi meid reetnud. Aga kui ta tegi oma valikud sellised nagu ta tegi nii, siis head teed minna. See ei tekitanud meie ridades v\u00e4ga suurt lainetust, me olime sellega juba arvestanud, et varem v\u00f5i hiljem ta meie juurest lahkub ja l\u00e4heb kusagile mujale.<\/p>\n<p data-path-to-node=\"35\">Kas soovite veel omalt poolt midagi erakonna tegevuse ja plaanide kohta lisada?<\/p>\n<p data-path-to-node=\"36\">Kutsun j\u00e4tkuvalt k\u00f5iki inimesi \u00fcles meie erakonnaga liituma, sest meie erakonnal on tulevikku.<\/p>\n","protected":false},"excerpt":{"rendered":"Millise tervise juures teie hinnangul Rahvuslaste ja Konservatiivide Erakond (ERK) praegu on? Ma arvan, et hea tervise juures,&hellip;\n","protected":false},"author":2,"featured_media":169569,"comment_status":"","ping_status":"","sticky":false,"template":"","format":"standard","meta":{"footnotes":"","_share_on_mastodon":"0"},"categories":[80],"tags":[26,27,37,33,35,11530,3494,34,36,31,32,21,28,29,95,19,25,78507,23,24,22,20,30,92,93,94],"class_list":["post-169568","post","type-post","status-publish","format-standard","has-post-thumbnail","category-maailm","tag-breaking-news","tag-breakingnews","tag-ee","tag-eesti","tag-eesti-keel","tag-eesti-rahvuslased-ja-konservatiivid","tag-erk","tag-estonia","tag-estonian","tag-featured-news","tag-featurednews","tag-headlines","tag-latest-news","tag-latestnews","tag-maailm","tag-news","tag-populaarseimad-lood","tag-rein-suurkask","tag-top-stories","tag-topstories","tag-uldised-uudised","tag-uudised","tag-viimased-uudised","tag-world","tag-world-news","tag-worldnews"],"share_on_mastodon":{"url":"https:\/\/pubeurope.com\/@ee\/116516688113447893","error":""},"_links":{"self":[{"href":"https:\/\/www.europesays.com\/ee\/wp-json\/wp\/v2\/posts\/169568","targetHints":{"allow":["GET"]}}],"collection":[{"href":"https:\/\/www.europesays.com\/ee\/wp-json\/wp\/v2\/posts"}],"about":[{"href":"https:\/\/www.europesays.com\/ee\/wp-json\/wp\/v2\/types\/post"}],"author":[{"embeddable":true,"href":"https:\/\/www.europesays.com\/ee\/wp-json\/wp\/v2\/users\/2"}],"replies":[{"embeddable":true,"href":"https:\/\/www.europesays.com\/ee\/wp-json\/wp\/v2\/comments?post=169568"}],"version-history":[{"count":0,"href":"https:\/\/www.europesays.com\/ee\/wp-json\/wp\/v2\/posts\/169568\/revisions"}],"wp:featuredmedia":[{"embeddable":true,"href":"https:\/\/www.europesays.com\/ee\/wp-json\/wp\/v2\/media\/169569"}],"wp:attachment":[{"href":"https:\/\/www.europesays.com\/ee\/wp-json\/wp\/v2\/media?parent=169568"}],"wp:term":[{"taxonomy":"category","embeddable":true,"href":"https:\/\/www.europesays.com\/ee\/wp-json\/wp\/v2\/categories?post=169568"},{"taxonomy":"post_tag","embeddable":true,"href":"https:\/\/www.europesays.com\/ee\/wp-json\/wp\/v2\/tags?post=169568"}],"curies":[{"name":"wp","href":"https:\/\/api.w.org\/{rel}","templated":true}]}}