{"id":16960,"date":"2025-10-11T07:27:07","date_gmt":"2025-10-11T07:27:07","guid":{"rendered":"https:\/\/www.europesays.com\/ee\/16960\/"},"modified":"2025-10-11T07:27:07","modified_gmt":"2025-10-11T07:27:07","slug":"klassikatahtedes-keeratakse-klassikahittidele-vint-peale-klassikatahed","status":"publish","type":"post","link":"https:\/\/www.europesays.com\/ee\/16960\/","title":{"rendered":"&#8220;Klassikat\u00e4htedes&#8221; keeratakse klassikahittidele vint peale | Klassikat\u00e4hed"},"content":{"rendered":"<p>&#8220;Klassikat\u00e4htede&#8221; kolmandas saates k\u00f5lavad maailmakuulsate heliloojate teosed, ent t\u00e4iesti uues kuues.<\/p>\n<p>Noori muusikuid ootab &#8220;Klassikat\u00e4htede&#8221; kolmandas saates ees v\u00e4ljakutse esitada maailmakuulus teos t\u00e4iesti uues v\u00f5tmes. Viis j\u00e4\u00e4b k\u00fcll \u00e4ratuntavaks, aga k\u00f5ik muu k\u00f5lab teistmoodi \u2013 juurde on p\u00f5imitud tehnilisi vimkasid ja v\u00e4rve ning vahetatud seadeid. Uue ja oman\u00e4olise esituse saavad Paganini, Gershwini, Bachi, Vivaldi, Chopini ja Stravinski tuntud meloodiad.<\/p>\n<p>Stuudios v\u00f5tab sel p\u00fchap\u00e4eval koha sisse uus \u017e\u00fcrii ja noorte etteasteid asuvad hindama ooperigurmaan ja &#8220;Klassikat\u00e4htede&#8221; esimene saatejuht Marko Reikop, dirigent, helilooja ja kogenud arran\u017eeerija Rasmus Puur ning maailmaklassi jazzpianist Ameerikast Holger Marjamaa, kes inspiratsiooniks klaveril \u00fche teose samuti uues v\u00f5tmes k\u00f5lama paneb.<\/p>\n<p>\u017d\u00fcriil on noortele jagada v\u00e4\u00e4rt tagasisidet, aga ka avastusi iseenda kohta. &#8220;Leidsin endas sentimentaalse poole. Mulle ei meeldinud see, et see esitus mulle meeldis,&#8221; tunnistas Marko Reikop \u00fchele osalejale.<\/p>\n<p>J\u00e4tkuvalt on avatud ka &#8220;Klassikat\u00e4hed 2025&#8221; telefonih\u00e4\u00e4letus, mis \u017e\u00fcrii ja publiku edetabeli l\u00f5puks pea peale v\u00f5ib keerata.<\/p>\n<p>Oma lemmikut saab kogu hooaja v\u00e4ltel toetada helistades numbritel, \u00fche k\u00f5ne hind on \u00fcks euro: <\/p>\n<p>900 7001\u00a0Tuule-Helin Krigul, fl\u00f6\u00f6t<br \/>900 7002\u00a0Isabella Runge, klarnet<br \/>900 7003\u00a0Annabel Soode, sopran<br \/>900 7004\u00a0Havryil Sydoryk, klaver<br \/>900 7005\u00a0Karl-Martin Tombak, l\u00f6\u00f6kpillid<br \/>900 7006\u00a0Harald Trass, kitarr<\/p>\n<p>&#8220;Klassikat\u00e4hed 2025&#8221; on eetris p\u00fchap\u00e4eviti kell 19.15 ETVs ja Klassikaraadios.<\/p>\n<p>Kahe telesaate vahel toimuvat kontserdivooru saab MUBA suurde saali vaatama tulla teisip\u00e4eval, 14. oktoobril, kontserti vahendab Klassikaraadio. Suur finaal toimub Estonia kontserdisaalis 7. novembril.<\/p>\n","protected":false},"excerpt":{"rendered":"&#8220;Klassikat\u00e4htede&#8221; kolmandas saates k\u00f5lavad maailmakuulsate heliloojate teosed, ent t\u00e4iesti uues kuues. Noori muusikuid ootab &#8220;Klassikat\u00e4htede&#8221; kolmandas saates ees&hellip;\n","protected":false},"author":2,"featured_media":16961,"comment_status":"","ping_status":"","sticky":false,"template":"","format":"standard","meta":{"footnotes":""},"categories":[18],"tags":[37,33,35,34,36,2825,159,158],"class_list":{"0":"post-16960","1":"post","2":"type-post","3":"status-publish","4":"format-standard","5":"has-post-thumbnail","7":"category-sport","8":"tag-ee","9":"tag-eesti","10":"tag-eesti-keel","11":"tag-estonia","12":"tag-estonian","13":"tag-klassikatahed","14":"tag-sport","15":"tag-sports"},"share_on_mastodon":{"url":"","error":""},"_links":{"self":[{"href":"https:\/\/www.europesays.com\/ee\/wp-json\/wp\/v2\/posts\/16960","targetHints":{"allow":["GET"]}}],"collection":[{"href":"https:\/\/www.europesays.com\/ee\/wp-json\/wp\/v2\/posts"}],"about":[{"href":"https:\/\/www.europesays.com\/ee\/wp-json\/wp\/v2\/types\/post"}],"author":[{"embeddable":true,"href":"https:\/\/www.europesays.com\/ee\/wp-json\/wp\/v2\/users\/2"}],"replies":[{"embeddable":true,"href":"https:\/\/www.europesays.com\/ee\/wp-json\/wp\/v2\/comments?post=16960"}],"version-history":[{"count":0,"href":"https:\/\/www.europesays.com\/ee\/wp-json\/wp\/v2\/posts\/16960\/revisions"}],"wp:featuredmedia":[{"embeddable":true,"href":"https:\/\/www.europesays.com\/ee\/wp-json\/wp\/v2\/media\/16961"}],"wp:attachment":[{"href":"https:\/\/www.europesays.com\/ee\/wp-json\/wp\/v2\/media?parent=16960"}],"wp:term":[{"taxonomy":"category","embeddable":true,"href":"https:\/\/www.europesays.com\/ee\/wp-json\/wp\/v2\/categories?post=16960"},{"taxonomy":"post_tag","embeddable":true,"href":"https:\/\/www.europesays.com\/ee\/wp-json\/wp\/v2\/tags?post=16960"}],"curies":[{"name":"wp","href":"https:\/\/api.w.org\/{rel}","templated":true}]}}