{"id":169748,"date":"2026-05-04T19:12:08","date_gmt":"2026-05-04T19:12:08","guid":{"rendered":"https:\/\/www.europesays.com\/ee\/169748\/"},"modified":"2026-05-04T19:12:08","modified_gmt":"2026-05-04T19:12:08","slug":"norra-panustab-nato-le-ent-valistatud-pole-ka-euroopa-liitu-puudlemine-valismaa","status":"publish","type":"post","link":"https:\/\/www.europesays.com\/ee\/169748\/","title":{"rendered":"Norra panustab NATO-le, ent v\u00e4listatud pole ka Euroopa Liitu p\u00fc\u00fcdlemine | V\u00e4lismaa"},"content":{"rendered":"<p>Eelmisel n\u00e4dalal kohtusid Eestis P\u00f5hjamaade ja Balti riikide v\u00e4lisministrid. Regionaalne koost\u00f6\u00f6 on rahututel aegadel muutunud \u00fcha olulisemaks. Norra v\u00e4lisminister Espen Barth Eide usub, et vaatamata kasvanud pingetele, j\u00e4\u00e4b NATO siiski p\u00fcsima. \u00dchtlasi j\u00e4lgib Norra t\u00e4helepanelikult naaberriik Islandi Euroopa Liiduga liitumise debatti.<\/p>\n<p>P\u00f5hjamaade ja Balti riikide v\u00e4lisministrite kohtumine Saaremaal oli m\u00e4rk tihedast regionaalsest koost\u00f6\u00f6st. See on \u00fcha olulisem ajal, mil k\u00f5ik riigid vajavad s\u00f5pru, et tunda end julgelt ja et meie piirkonna h\u00e4\u00e4l maailmas k\u00f5laks. N\u00e4iteks r\u00e4\u00e4kides, miks NATO-t on j\u00e4tkuvalt vaja k\u00f5igile.<\/p>\n<p>&#8220;Ma saan elada teadmisega, et Ameerika tahab, et me teeksime (Euroopas &#8211; toim) rohkem ja nemad v\u00e4hem, et nad saaksid keskenduda teistele piirkondadele. Aga mulle teeks muret, kui \u00fchendus kaoks, sest me vajame tugevat garantiid, sealhulgas tuumagarantiid USA-lt, et me oleksime kaitstud. Sellep\u00e4rast peame me USA-s selgitama, miks NATO on hea neile ja n\u00e4itama, et me teeme rohkem koos,&#8221; \u00fctles Norra v\u00e4lisminister Espen Barth Eide.<\/p>\n<p>NATO asutajariigi Norra v\u00e4lisminister \u00fctles, et P\u00f5hja-Atlandi Lepingu Organisatsioon on ajaloos l\u00e4bi tulnud mitmetest kriisidest ja tuleb ka praegusest.<\/p>\n<p>&#8220;Ma arvan, et NATO j\u00e4\u00e4b p\u00fcsima, aga ma arvan, et on oluline ja praegu seda olulisem, et me k\u00f5igepealt seletaksime oma Ameerika liitlastele, miks NATO on t\u00e4htis nende jaoks. See ei ole nende aitamiseks nende valitud s\u00f5dades kaugetes kohtades. See on ka \u00fchine julgeolek nagu Venemaa allveelaevad, mis m\u00e4danevad Koolas Norra t\u00f5ttu. Nad on seal USA p\u00e4rast. USA julgeolek algab meie vetest siit p\u00f5hjas. See ei ole r\u00fcnde\u00fchendus, see on kaitse\u00fchendus. Meie lubadus on kaitsta \u00fcksteist, kui keegi meist j\u00e4\u00e4b r\u00fcnnaku alla ja see minu arvates kehtib endiselt. Kolmandaks peame me tugevdama Euroopa kaitseinvesteeringuid ja \u00fchiseid investeeringuid. Me peame olema valmis v\u00f5itlema keerukamates konfliktides ootamata, et USA v\u00f5taks p\u00f5hiraskuse enda kanda. See veenab ka ameeriklasi, et me oleme t\u00f5sised partnerid ja liitlasteks j\u00e4\u00e4mine on hea asi,&#8221; lausus Eide.<\/p>\n<p>Norra teeb oma osa Arktika julgeoleku tagamisel.<\/p>\n<p>&#8220;Meie kirdepiiri taga asub Koola poolsaar, kus Venemaa hoiab oma tuumarelvi ja allveelaevadel p\u00f5hinevat vastul\u00f6\u00f6gi v\u00f5imekust. NATO Arktika julgeolek t\u00e4hendab ka kindlaks tegemist, kus nad asuvad ja dramaatilises olukorras valmisolekut nende tuumaallveelaevadega v\u00f5idelda. See peab toimuma meie osast Arktikas ja see on teema, millest me oma partneritega, sealhulgas USA-ga, praegu avameelselt r\u00e4\u00e4gime,&#8221; s\u00f5nas Eide.<\/p>\n<p>Nii tervitab Norra suuremat t\u00e4helepanu Arktika julgeolekule, aga mitte Gr\u00f6\u00f6nimaa annekteerimise n\u00e4ol.<\/p>\n<p>&#8220;Jah, suurenenud r\u00f5huasetusele Arktika julgeolekule. Jah, Arktika vahimehele, mis on uus institutsionaalne korraldus NATO-s, aga pole vajadust muuta riigipiire, sest kaheksast Arktika riigist seitse on NATO riigid,&#8221; \u00fctles Norra v\u00e4lisminister.<\/p>\n<p>Kui NATO-s on Norra olnud algusest peale, siis Euroopa Liitu ei ole see Skandinaavia riik seni astunud.<\/p>\n<p>&#8220;Ma tegin kampaaniat Norra liitumiseks Euroopa Liiduga 1994. aastal, kui meil oli referendum. Ma h\u00e4\u00e4letasin m\u00f5istagi jah ja ma isiklikult ei ole meelt muutnud. Samas valitsusena n\u00e4eb minu mandaat ette, et me soovime, et meil oleksid nii head suhted kui v\u00f5imalik, p\u00f5hinedes meie praegusel \u00fchendusel Euroopa Liiduga ehk me kuulume Euroopa majanduspiirkonda, mis t\u00e4hendab, et me oleme \u00fchisturul, olemata samas Euroopa Liidu t\u00e4isliikmed,&#8221; lausus Eide.<\/p>\n<p>Kas tihedalt Euroopa Liiduga seotud riik astuks liitumise sammu, eriti juhul kui naaberriik Island otsustaks augustikuisel referendumil taasalustada oma \u00fchinemisk\u00f5nelustega? See muudaks olukorda, tunnistab Eide.<\/p>\n<p>&#8220;Euroopa majanduspiirkond muutuks siis sisuliselt Euroopa Liidu ja Norra leppeks. Me peame selles osas ausad olema ja see v\u00f5ib muuta asju. Meil ei ole selles osas veel uut poliitikat. Ma r\u00e4\u00e4gin parlamendile, et me peame v\u00f5tma seda uut olukorda t\u00f5siselt. Mida iganes me teeme liikmesuse osas, usume me, et Euroopa Liit on hea idee ja meie ametlik positsioon on eurointegratsiooni toetamine,&#8221; \u00fctles Eide.<\/p>\n<p>Euroopa peab Eide s\u00f5nul j\u00e4tkama Ukraina kindlat toetamist ja Venemaa survestamist, aga m\u00f5tlema samal ajal ka s\u00f5ja l\u00f5pule.<\/p>\n<p>&#8220;Kui sa ei valmistu s\u00f5jaj\u00e4rgseks ajaks siis, kui s\u00f5da veel k\u00e4ib, v\u00f5ivad asjad valesti minna. Kui inimesed ei saa aru, mida ma m\u00f5tlen, siis m\u00f5elge Jaltale. See pidi olema kokkulepe l\u00e4\u00e4neriikide ja Stalini vahel, kuidas korraldada viimased kuud s\u00f5jas, mida nad olid selgelt v\u00f5itmas. See p\u00e4\u00e4dis aga Euroopa jagamisega p\u00f5lvkondadeks. \u00c4rme seda viga korda. M\u00f5tleme ka sellele, milline Euroopa v\u00e4lja peaks n\u00e4gema p\u00e4rast s\u00f5da ja et president Putinil ei oleks p\u00f5hjust leida, et Ukrainasse tungimine oli hea m\u00f5te,&#8221; r\u00e4\u00e4kis Norra v\u00e4lisminister.<\/p>\n<p>\u00dchtlasi lubab Eide, et Norra tuleb Eestile vajadusel appi igal juhul. Ka siis, kui USA peaks mingil p\u00f5hjusel eemale hoidma, oleks \u00fclej\u00e4\u00e4nud 31 NATO riiki j\u00f5ud.<\/p>\n<p>&#8220;Me oleme koos palju tugevamad kui Venemaa ja seda ka ilma USA-ta, kui me ei r\u00e4\u00e4gi tuumarelvadest. Vastus on t\u00e4iesti selge jah. Me oleme p\u00fchendunud ja ma loodan, et ka Eesti tuleb appi Norrale, kui meid vallutatakse. Me oleme samuti Venemaa naaber. Nii see allianss t\u00f6\u00f6tab,&#8221; s\u00f5nas Eide.<\/p>\n","protected":false},"excerpt":{"rendered":"Eelmisel n\u00e4dalal kohtusid Eestis P\u00f5hjamaade ja Balti riikide v\u00e4lisministrid. Regionaalne koost\u00f6\u00f6 on rahututel aegadel muutunud \u00fcha olulisemaks. Norra&hellip;\n","protected":false},"author":2,"featured_media":169749,"comment_status":"","ping_status":"","sticky":false,"template":"","format":"standard","meta":{"footnotes":"","_share_on_mastodon":"0"},"categories":[80],"tags":[5803,26,27,37,33,35,49972,34,36,590,31,32,21,2407,28,29,95,54,19,1437,25,23,24,22,325,20,30,92,93,94],"class_list":["post-169748","post","type-post","status-publish","format-standard","has-post-thumbnail","category-maailm","tag-arktika","tag-breaking-news","tag-breakingnews","tag-ee","tag-eesti","tag-eesti-keel","tag-espen-barth-eide","tag-estonia","tag-estonian","tag-euroopa-liit","tag-featured-news","tag-featurednews","tag-headlines","tag-island","tag-latest-news","tag-latestnews","tag-maailm","tag-nato","tag-news","tag-norra","tag-populaarseimad-lood","tag-top-stories","tag-topstories","tag-uldised-uudised","tag-usa","tag-uudised","tag-viimased-uudised","tag-world","tag-world-news","tag-worldnews"],"share_on_mastodon":{"url":"https:\/\/pubeurope.com\/@ee\/116517899146542622","error":""},"_links":{"self":[{"href":"https:\/\/www.europesays.com\/ee\/wp-json\/wp\/v2\/posts\/169748","targetHints":{"allow":["GET"]}}],"collection":[{"href":"https:\/\/www.europesays.com\/ee\/wp-json\/wp\/v2\/posts"}],"about":[{"href":"https:\/\/www.europesays.com\/ee\/wp-json\/wp\/v2\/types\/post"}],"author":[{"embeddable":true,"href":"https:\/\/www.europesays.com\/ee\/wp-json\/wp\/v2\/users\/2"}],"replies":[{"embeddable":true,"href":"https:\/\/www.europesays.com\/ee\/wp-json\/wp\/v2\/comments?post=169748"}],"version-history":[{"count":0,"href":"https:\/\/www.europesays.com\/ee\/wp-json\/wp\/v2\/posts\/169748\/revisions"}],"wp:featuredmedia":[{"embeddable":true,"href":"https:\/\/www.europesays.com\/ee\/wp-json\/wp\/v2\/media\/169749"}],"wp:attachment":[{"href":"https:\/\/www.europesays.com\/ee\/wp-json\/wp\/v2\/media?parent=169748"}],"wp:term":[{"taxonomy":"category","embeddable":true,"href":"https:\/\/www.europesays.com\/ee\/wp-json\/wp\/v2\/categories?post=169748"},{"taxonomy":"post_tag","embeddable":true,"href":"https:\/\/www.europesays.com\/ee\/wp-json\/wp\/v2\/tags?post=169748"}],"curies":[{"name":"wp","href":"https:\/\/api.w.org\/{rel}","templated":true}]}}