{"id":169874,"date":"2026-05-04T23:02:12","date_gmt":"2026-05-04T23:02:12","guid":{"rendered":"https:\/\/www.europesays.com\/ee\/169874\/"},"modified":"2026-05-04T23:02:12","modified_gmt":"2026-05-04T23:02:12","slug":"milano-inter-krooniti-itaalia-jalgpallimeistriks","status":"publish","type":"post","link":"https:\/\/www.europesays.com\/ee\/169874\/","title":{"rendered":"Milano Inter krooniti Itaalia jalgpallimeistriks"},"content":{"rendered":"<p>Inter kindlustas tiitli p\u00fchap\u00e4eval, kui koduv\u00e4ljakul alistati Parma 2:0. V\u00f5itjate ridades tegid skoori Marcus Thuram ning Henrih Mhitarjan.<\/p>\n<p>Inter on kolm vooru enne hooaja l\u00f5ppu kogunud liidrina 82 punkti. Teine on Napoli 70 punktiga ning kolmas AC Milan 67-ga.<\/p>\n<p>Inter on n\u00fc\u00fcd Serie A-s p\u00fcsinud alati esikolmikus alates hooajast 2019\/20. Enne t\u00e4navust meistritiitlit v\u00f5ideti trofee viimati 2023\/24. Mullu krooniti parimaks Napoli.<\/p>\n<p>Serie A l\u00e4bi aegade k\u00f5ige edukamaks tiimiks on Torino Juventus 36 tiitliga. Inter on 21 esikohaga teine ja AC Milan 19-ga kolmas.<\/p>\n<p>Kuidas see lugu Sind end tundma pani? Saada <a href=\"https:\/\/sport.delfi.ee\/artikkel\/120572901\/milano-inter-krooniti-itaalia-jalgpallimeistriks\/kommentaarid\" class=\"article-body-bottom__comment article-body-bottom__comment--write button button--primary button--size-auto\" rel=\"nofollow noopener\" target=\"_blank\"> Kommenteeri <\/a><a href=\"https:\/\/sport.delfi.ee\/artikkel\/120572901\/milano-inter-krooniti-itaalia-jalgpallimeistriks\/kommentaarid\" class=\"article-body-bottom__comment article-body-bottom__comment--read button button--size-auto\" rel=\"nofollow noopener\" target=\"_blank\"> Loe kommentaare <\/a><\/p>\n","protected":false},"excerpt":{"rendered":"Inter kindlustas tiitli p\u00fchap\u00e4eval, kui koduv\u00e4ljakul alistati Parma 2:0. V\u00f5itjate ridades tegid skoori Marcus Thuram ning Henrih Mhitarjan.&hellip;\n","protected":false},"author":2,"featured_media":169875,"comment_status":"","ping_status":"","sticky":false,"template":"","format":"standard","meta":{"footnotes":"","_share_on_mastodon":"0"},"categories":[18],"tags":[37,33,35,34,36,1811,1082,159,158],"class_list":["post-169874","post","type-post","status-publish","format-standard","has-post-thumbnail","category-sport","tag-ee","tag-eesti","tag-eesti-keel","tag-estonia","tag-estonian","tag-milano-inter","tag-serie-a","tag-sport","tag-sports"],"share_on_mastodon":{"url":"https:\/\/pubeurope.com\/@ee\/116518803417866505","error":""},"_links":{"self":[{"href":"https:\/\/www.europesays.com\/ee\/wp-json\/wp\/v2\/posts\/169874","targetHints":{"allow":["GET"]}}],"collection":[{"href":"https:\/\/www.europesays.com\/ee\/wp-json\/wp\/v2\/posts"}],"about":[{"href":"https:\/\/www.europesays.com\/ee\/wp-json\/wp\/v2\/types\/post"}],"author":[{"embeddable":true,"href":"https:\/\/www.europesays.com\/ee\/wp-json\/wp\/v2\/users\/2"}],"replies":[{"embeddable":true,"href":"https:\/\/www.europesays.com\/ee\/wp-json\/wp\/v2\/comments?post=169874"}],"version-history":[{"count":0,"href":"https:\/\/www.europesays.com\/ee\/wp-json\/wp\/v2\/posts\/169874\/revisions"}],"wp:featuredmedia":[{"embeddable":true,"href":"https:\/\/www.europesays.com\/ee\/wp-json\/wp\/v2\/media\/169875"}],"wp:attachment":[{"href":"https:\/\/www.europesays.com\/ee\/wp-json\/wp\/v2\/media?parent=169874"}],"wp:term":[{"taxonomy":"category","embeddable":true,"href":"https:\/\/www.europesays.com\/ee\/wp-json\/wp\/v2\/categories?post=169874"},{"taxonomy":"post_tag","embeddable":true,"href":"https:\/\/www.europesays.com\/ee\/wp-json\/wp\/v2\/tags?post=169874"}],"curies":[{"name":"wp","href":"https:\/\/api.w.org\/{rel}","templated":true}]}}