{"id":169974,"date":"2026-05-05T04:58:09","date_gmt":"2026-05-05T04:58:09","guid":{"rendered":"https:\/\/www.europesays.com\/ee\/169974\/"},"modified":"2026-05-05T04:58:09","modified_gmt":"2026-05-05T04:58:09","slug":"laagrikorraldajad-ootavad-pinevusega-kaibemaksuvabastuse-otsust-eesti","status":"publish","type":"post","link":"https:\/\/www.europesays.com\/ee\/169974\/","title":{"rendered":"Laagrikorraldajad ootavad pinevusega k\u00e4ibemaksuvabastuse otsust | Eesti"},"content":{"rendered":"<p>Laste- ja noortelaagrid olid kuni eelmise aastani \u00fcldiselt k\u00e4ibemaksu tasumisest vabastatud, kuid mullu s\u00fcgisel teatas maksu- ja tolliamet (MTA), et erinevalt haridusministeeriumi arusaamast, mille kohaselt on tegu maksuerandit v\u00f5imaldavate sotsiaalset laadi teenustega, tuleb tegelikult ka laagritel k\u00e4ibemaksu maksta.<\/p>\n<p>N\u00fc\u00fcdseks on kooliaasta l\u00f5pp ja laagrite hooaja algus juba k\u00e4egakatsutavas kauguses ning eelmise n\u00e4dala valitsuse pressikonverentsil kordasid peaminister Kristen Michal ning haridusminister Kristina Kallas varasemat lubadust, et k\u00fcsimus saab lahenduse enne suve ning lastelaagrite lisamaksustamist ei tule.<\/p>\n<p>Kallase s\u00f5nul on ministeeriumid kokku leppinud vajaduses muuta noorsoot\u00f6\u00f6 seadust ja selles olevat laagrite m\u00e4\u00e4ratlust.<\/p>\n<p>&#8220;Laagrid on noorsoot\u00f6\u00f6 seaduse j\u00e4rgi m\u00e4\u00e4ratletud puhkusekohtadena, aga puhkusetegevuselt teadup\u00e4rast k\u00e4ibemaksusoodustust ei saa. Laagrite m\u00e4\u00e4ratlust muudetakse, sinna viiakse sisse see, et laagrid on mitteformaalne \u00f5pe laste jaoks, sellega nad l\u00e4hevad koolituse alla ja see tekitab neile ka k\u00e4ibemaksuvabastuse,&#8221; selgitas Kallas.<\/p>\n<p>Haridusminister lisas, et ideaalis peaks laagrite k\u00e4ibemaksuvabastus j\u00f5ustuma juba sellel suvel.<\/p>\n<p>Ka haridusministeeriumi noortepoliitka osakonna juhataja Heili Griffith \u00fctles, et ministeerium teeb omalt poolt k\u00f5ik v\u00f5imaliku, et seadusemuudatus j\u00f5ustuks enne suve ning \u00fcksmeel maksu- ja tolliameti ning rahandusministeeriumiga on selles osas leitud.<\/p>\n<p>&#8220;Seadusemuudatuse j\u00f5ustumise korral peaksid noorte projekt- ja p\u00fcsilaagrid k\u00e4ibemaksuvabastuse saamiseks omama laagri tegevusluba ning laagriteenuse osutamine peab toimuma mitte\u00e4rilisel eesm\u00e4rgil. Vastav eeln\u00f5u on ette valmistamisel,&#8221; lausus Griffith.<\/p>\n<p>Laagrite toetus pole aastaid t\u00f5usnud<\/p>\n<p>Projektlaagreid korraldava v\u00f5imlemisklubi Piruett tegevjuht Katrin Ott \u00fctles, et nemad loodavad v\u00e4ga, et muudatus enne suve vastu v\u00f5etakse. Lootusrikas on ka Eesti laagrikorraldajate liidu juhatuse esimees Kaur K\u00f6tsi, kelle s\u00f5nul on praegu segadust omajagu.<\/p>\n<p>&#8220;Laagrite eelarvestamine hakkas ju eelmise aasta l\u00f5pus ja selle aasta alguses, enne seda, kui haridus- ja noorteamet laagrite toetuste taotluste ja otsuste t\u00e4htajad on,&#8221; lausus K\u00f6tsi. &#8220;Selleks ajaks peab laager t\u00e4pselt teadma, kui palju lapsi ta planeerib, p\u00e4evamaksumus ja k\u00f5ik muu seal lisaks. Nii et segadust on palju, eriti, kui eelarveaasta jooksul hakatakse seda \u00fchele v\u00f5i teisele poole muutma.&#8221;<\/p>\n<p>Laagrikorraldajate pilt on kirju. Palju on v\u00e4ikseid laagreid, kes pole pidanud end k\u00e4ibemaksukohuslaseks registreerima, sest nende k\u00e4ive j\u00e4\u00e4b alla 40 000 euro. On suuri laagrikorraldajaid, kes tegutsevadki \u00e4ri\u00fchinguna, ning lisaks on ka huvi- ja spordikoole, kellel on laagrid \u00f5ppekavades sees kui osa \u00f5ppetegevusest.<\/p>\n<p>Aastas osaleb laagrites K\u00f6tsi s\u00f5nul umbes 30 000 noort. Mullu suvel see arv langes, sest oli laulupeoaasta, mille puhul osalebki laagrites tavaliselt v\u00e4hem lapsi. Laagrite hinnad k\u00e4ivad aga lapsevanematele juba niigi \u00fcle j\u00f5u.<\/p>\n<p>&#8220;Ka meie oleme juhtinud haridusministeeriumi t\u00e4helepanu sellele, et toetus laagritele ei ole 2018. aastast suurenenud, aga elukallidus on vahepeal t\u00f5usnud. See m\u00f5jutab laagrite hindu v\u00e4ga oluliselt,&#8221; r\u00e4\u00e4kis K\u00f6tsi.<\/p>\n<p>Ta t\u00f5i v\u00e4lja, et keskmiselt maksab laagrip\u00e4ev 50 euro ringis ja kui korrutada see summa laagrivahetuse pikkusega, mis peaks noorsoot\u00f6\u00f6 seaduse j\u00e4rgi olema minimaalselt kuus \u00f6\u00f6p\u00e4eva, siis paisuvadki summad suureks. Kui aga veel k\u00e4ibemaks lisada, oleks see veelgi kallim.<\/p>\n<p>&#8220;Riigi toetus p\u00fcsilaagrile on kuus eurot ja 20 senti lapse kohta ja pool sellest summast projektlaagri puhul ehk kolm eurot ja k\u00fcmme senti,&#8221; r\u00e4\u00e4kis K\u00f6tsi ja lisas, et soodustuusikute puhul v\u00e4hekindlustatud peredele ja suurperedele on toetused vastavalt 12 eurot ja 40 senti p\u00fcsilaagri ning kuus eurot ja 20 senti projektilaagri puhul.<\/p>\n<p>Maksuamet ja laagrid on seaduse t\u00f5lgendamises eri meelt<\/p>\n<p>Maksu- ja tolliameti k\u00e4ibemaksu osakonna juhataja Richard Kirvese s\u00f5nul tuleb neil l\u00e4htuda kehtivast seadusest, kuniks seda pole muudatud.<\/p>\n<p>&#8220;Kehtiva seaduse j\u00e4rgi laagriteenusele maksuvabastust ei ole,&#8221; t\u00f5des Kirves. &#8220;Erandid on sellised laagrid, mida majandustegevusena ei k\u00e4sitleta \u2013 n\u00e4iteks, kui kohaliku omavalitsuse \u00fcksus t\u00e4idab oma seadusj\u00e4rgseid \u00fclesandeid ja osutab teenust tasuta v\u00f5i hinnaga, mis on omahinnast oluliselt madalam. Sel juhul ei tegutseta kestva tulu saamise eesm\u00e4rgil, mist\u00f5ttu sellist tegevust k\u00e4ibemaksuga ei maksustata.&#8221;<\/p>\n<p>Kirves lisas, et see p\u00f5him\u00f5te puudutab nii omavalitsuste kui ka nende hallatavate asutuste korraldatavaid laagreid. Ta t\u00f5i v\u00e4lja, et kui laagriteenuse osutamine on k\u00e4ibemaksuga maksustatav, siis on korraldajal \u00f5igus oma kuludelt sisendk\u00e4ibemaksu maha arvata.<\/p>\n<p>&#8220;See t\u00e4hendab, et maksustatava k\u00e4ibe tarbeks tehtud kuludelt saab sisendk\u00e4ibemaksu maha arvata ka tagasiulatuvalt,&#8221; r\u00f5hutas Kirves.<\/p>\n<p>Eesti laagrikorraldajate liidu hinnangul v\u00f5imaldab k\u00e4ibemaksuvabastust laagritele siiski ka praegu kehtiv seadus. Kaur K\u00f6tsi m\u00e4rkis, et laagrid on k\u00fcll seaduses m\u00e4\u00e4ratletud puhkusekohtadena, aga kui lugeda, millised n\u00f5uded on sellele teenusele kehtestatud, on tegu puhtalt haridusliku sisuga mitteformaalse \u00f5ppega, mis on Eesti seaduste kohaselt osa hariduss\u00fcsteemist.<\/p>\n<p>&#8220;Harno on laagritele, kes k\u00fcsivad riigilt toetust, kehtestanud eraldi kvalifikatsioonin\u00f5uded ja sealt tulevad veel omakorda lisaks k\u00f5ik \u00f5ppe- ja kasvatust\u00f6\u00f6 elemendid, hindamine, tagasisidestamine ja nii edasi,&#8221; selgitas K\u00f6tsi.<\/p>\n<p>Ta lisas, et harno teeb ka laagrite m\u00f5juhindamist ja sealt on tulnud v\u00e4lja t\u00f5endatud m\u00f5ju noorte \u00fcldp\u00e4devusele, mist\u00f5ttu peaks seadust terve m\u00f5istusega lugedes laagrid ka praegu muu koolituse alla sobima, see on aga valdkond, mille seadus lubab erandina k\u00e4ibemaksust vabastada.<\/p>\n<p>&#8220;Selles m\u00f5ttes ei saa ma tegelikult aru, miks seada seadust on vaja muuta,&#8221; nentis laagrikorraldajate liidu juht.<\/p>\n<p>Maksuamet soovitab k\u00f5igil laagrikorraldajatel, kes maksustamise teemal n\u00f5u vajavad, MTA poole p\u00f6\u00f6rduda ja on valmis neile individuaalselt just nende teenuse \u00fcksikasjade kontekstis maksustamise p\u00f5him\u00f5tteid selgitama.<\/p>\n<p>Haridusminister avaldas eelmisel n\u00e4dalal lootust, et noorsoot\u00f6\u00f6seaduse muudatus j\u00f5uab riigikokku juba sellel n\u00e4dalal.<\/p>\n","protected":false},"excerpt":{"rendered":"Laste- ja noortelaagrid olid kuni eelmise aastani \u00fcldiselt k\u00e4ibemaksu tasumisest vabastatud, kuid mullu s\u00fcgisel teatas maksu- ja tolliamet&hellip;\n","protected":false},"author":2,"featured_media":169975,"comment_status":"","ping_status":"","sticky":false,"template":"","format":"standard","meta":{"footnotes":"","_share_on_mastodon":"0"},"categories":[5],"tags":[26,27,37,33,35,34,36,31,32,3932,21,22479,78573,78571,78574,78572,22480,28,29,2871,9275,19,22482,25,10136,78570,23,24,22,20,30],"class_list":["post-169974","post","type-post","status-publish","format-standard","has-post-thumbnail","category-uldised-uudised","tag-breaking-news","tag-breakingnews","tag-ee","tag-eesti","tag-eesti-keel","tag-estonia","tag-estonian","tag-featured-news","tag-featurednews","tag-haridus-ja-teadusministeerium","tag-headlines","tag-htm","tag-kaibemaksu-mahaarvamine","tag-kaibemaksuerand","tag-laagrikorraldajate-liit","tag-laagrite-kaibemaks","tag-lastelaager","tag-latest-news","tag-latestnews","tag-maksu-ja-tolliamet","tag-mta","tag-news","tag-noortelaager","tag-populaarseimad-lood","tag-sisendkaibemaks","tag-suvelaager","tag-top-stories","tag-topstories","tag-uldised-uudised","tag-uudised","tag-viimased-uudised"],"share_on_mastodon":{"url":"","error":"Validation failed: Text character limit of 500 exceeded"},"_links":{"self":[{"href":"https:\/\/www.europesays.com\/ee\/wp-json\/wp\/v2\/posts\/169974","targetHints":{"allow":["GET"]}}],"collection":[{"href":"https:\/\/www.europesays.com\/ee\/wp-json\/wp\/v2\/posts"}],"about":[{"href":"https:\/\/www.europesays.com\/ee\/wp-json\/wp\/v2\/types\/post"}],"author":[{"embeddable":true,"href":"https:\/\/www.europesays.com\/ee\/wp-json\/wp\/v2\/users\/2"}],"replies":[{"embeddable":true,"href":"https:\/\/www.europesays.com\/ee\/wp-json\/wp\/v2\/comments?post=169974"}],"version-history":[{"count":0,"href":"https:\/\/www.europesays.com\/ee\/wp-json\/wp\/v2\/posts\/169974\/revisions"}],"wp:featuredmedia":[{"embeddable":true,"href":"https:\/\/www.europesays.com\/ee\/wp-json\/wp\/v2\/media\/169975"}],"wp:attachment":[{"href":"https:\/\/www.europesays.com\/ee\/wp-json\/wp\/v2\/media?parent=169974"}],"wp:term":[{"taxonomy":"category","embeddable":true,"href":"https:\/\/www.europesays.com\/ee\/wp-json\/wp\/v2\/categories?post=169974"},{"taxonomy":"post_tag","embeddable":true,"href":"https:\/\/www.europesays.com\/ee\/wp-json\/wp\/v2\/tags?post=169974"}],"curies":[{"name":"wp","href":"https:\/\/api.w.org\/{rel}","templated":true}]}}