{"id":169980,"date":"2026-05-05T05:08:08","date_gmt":"2026-05-05T05:08:08","guid":{"rendered":"https:\/\/www.europesays.com\/ee\/169980\/"},"modified":"2026-05-05T05:08:08","modified_gmt":"2026-05-05T05:08:08","slug":"keskkonnaamet-ei-luba-turi-vallal-hooldekodu-laiendada-eesti","status":"publish","type":"post","link":"https:\/\/www.europesays.com\/ee\/169980\/","title":{"rendered":"Keskkonnaamet ei luba T\u00fcri vallal hooldekodu laiendada | Eesti"},"content":{"rendered":"<p>T\u00fcri vald otsib lahendusi hooldekodukohtade nappuse leevendamiseks. Selleks soovitakse ehitada V\u00e4\u00e4tsa hooldekodu juurde veel \u00fcks hoone, kuid plaan p\u00f5rkus keskkonnaameti vastuseisule, kes kaitsealusesse m\u00f5isaparki ehitada ei luba.<\/p>\n<p>T\u00fcri vallavanem Sulo S\u00e4rkinen \u00fctles, et vald otsib juba m\u00f5nda aega v\u00f5imalust 11 aastat tagasi V\u00e4\u00e4tsale ehitatud hooldekodule juurdeehituse p\u00fcstitamiseks, sest vallas hooldekodukohti napib.<\/p>\n<p>&#8220;See on olnud selline pikaajaline plaan, aga oleme ka ootel, sest on kuulda olnud, et nii m\u00f5nigi erafirma on plaanimas T\u00fcril kanda kinnitada ja T\u00fcrile laieneda,&#8221; r\u00e4\u00e4kis vallavanem.<\/p>\n<p>&#8220;Hetkel oleme saanud keskkonnaameti poolt piiravaid vastuseid, et sinna muinsuskaitsealale ei oleks sobilik teha ja ka keskkonnaalased piirangud on tulnud. Me siis n\u00fc\u00fcd ootamegi \u00e4ra, mida teevad eraettev\u00f5tted,&#8221; lisas S\u00e4rkinen.<\/p>\n<p>Keskkonnaamet saates T\u00fcri vallavalitsuse p\u00f6\u00f6rdumisele vastuse, milles \u00f6eldakse, et V\u00e4\u00e4tsa m\u00f5isa park ja ka selle laiendus on riikliku t\u00e4htsusega kaitstav park ja kuna hooldekodu soovitakse rajada varem hoonestamata alale, muudaks see pargi ilmet ja ajaloolist planeeringut.<\/p>\n<p>Seda, miks uut maja ehitada ei tohi, selgias ERR-ile keskkonnaameti looduskasutuse osakonna juhtivspetsialist Meeli Kesk\u00fcla.<\/p>\n<p>&#8220;See eakatekodu hoone, mis seal olemas on, ei asu kaitsealuses pargis. See j\u00e4\u00e4b kaitsealusest pargist v\u00e4ljapoole. Kaitsealusesse parki on 2021. aastal rajatud k\u00fcll aiamaja, aga selle ehitamist tookord keskkonnaametiga \u00fcldse ei koosk\u00f5lastatud. Hiljem on keskkonnaamet selle asukoha k\u00fcll \u00fcle vaadanud ja leidnud, et see v\u00e4ike hoone seal pargi piiril parki ei kahjusta, aga kindlasti uus suur hoone seda kahjustaks,&#8221; r\u00e4\u00e4kis Kesk\u00fcla.<\/p>\n<p>Vallavanem Sulo S\u00e4rkinen \u00fctles, et vald ootab n\u00fc\u00fcd \u00e4ra ka muinsuskaitseameti seisukoha ja otsustab siis, kuidas V\u00e4\u00e4tsa Kodu laiendamisega edasi minna. \u00dcks v\u00f5imalus on ehitada uus hooldekodu hoopis T\u00fcri linna.<\/p>\n<p>&#8220;Kohe on minemas ka detailplaneeringuga muutmisele maa kasutusotstarve Staadioni t\u00e4naval, et leida hoonestus\u00f5igusega ettev\u00f5tja, kes siis sinna v\u00f5iks tuua meile hooldekodu,&#8221; lausus S\u00e4rkinen.<\/p>\n","protected":false},"excerpt":{"rendered":"T\u00fcri vald otsib lahendusi hooldekodukohtade nappuse leevendamiseks. Selleks soovitakse ehitada V\u00e4\u00e4tsa hooldekodu juurde veel \u00fcks hoone, kuid plaan&hellip;\n","protected":false},"author":2,"featured_media":169981,"comment_status":"","ping_status":"","sticky":false,"template":"","format":"standard","meta":{"footnotes":"","_share_on_mastodon":"0"},"categories":[12],"tags":[26,27,37,33,35,34,36,31,32,21,1452,28,29,7221,19,25,5487,23,24,13076,22,20,30],"class_list":["post-169980","post","type-post","status-publish","format-standard","has-post-thumbnail","category-eesti","tag-breaking-news","tag-breakingnews","tag-ee","tag-eesti","tag-eesti-keel","tag-estonia","tag-estonian","tag-featured-news","tag-featurednews","tag-headlines","tag-keskkonnaamet","tag-latest-news","tag-latestnews","tag-muinsuskaitse","tag-news","tag-populaarseimad-lood","tag-sulo-sarkinen","tag-top-stories","tag-topstories","tag-turi-vald","tag-uldised-uudised","tag-uudised","tag-viimased-uudised"],"share_on_mastodon":{"url":"https:\/\/pubeurope.com\/@ee\/116520242704505823","error":""},"_links":{"self":[{"href":"https:\/\/www.europesays.com\/ee\/wp-json\/wp\/v2\/posts\/169980","targetHints":{"allow":["GET"]}}],"collection":[{"href":"https:\/\/www.europesays.com\/ee\/wp-json\/wp\/v2\/posts"}],"about":[{"href":"https:\/\/www.europesays.com\/ee\/wp-json\/wp\/v2\/types\/post"}],"author":[{"embeddable":true,"href":"https:\/\/www.europesays.com\/ee\/wp-json\/wp\/v2\/users\/2"}],"replies":[{"embeddable":true,"href":"https:\/\/www.europesays.com\/ee\/wp-json\/wp\/v2\/comments?post=169980"}],"version-history":[{"count":0,"href":"https:\/\/www.europesays.com\/ee\/wp-json\/wp\/v2\/posts\/169980\/revisions"}],"wp:featuredmedia":[{"embeddable":true,"href":"https:\/\/www.europesays.com\/ee\/wp-json\/wp\/v2\/media\/169981"}],"wp:attachment":[{"href":"https:\/\/www.europesays.com\/ee\/wp-json\/wp\/v2\/media?parent=169980"}],"wp:term":[{"taxonomy":"category","embeddable":true,"href":"https:\/\/www.europesays.com\/ee\/wp-json\/wp\/v2\/categories?post=169980"},{"taxonomy":"post_tag","embeddable":true,"href":"https:\/\/www.europesays.com\/ee\/wp-json\/wp\/v2\/tags?post=169980"}],"curies":[{"name":"wp","href":"https:\/\/api.w.org\/{rel}","templated":true}]}}