{"id":170159,"date":"2026-05-05T08:28:32","date_gmt":"2026-05-05T08:28:32","guid":{"rendered":"https:\/\/www.europesays.com\/ee\/170159\/"},"modified":"2026-05-05T08:28:32","modified_gmt":"2026-05-05T08:28:32","slug":"antonelli-tuli-nagi-ja-voitis-taas-aga-mercedes-pole-ikkagi-enam-voitmatu-miks-russell-tiimikaaslasele-vastu-ei-saa-delfi-sport","status":"publish","type":"post","link":"https:\/\/www.europesays.com\/ee\/170159\/","title":{"rendered":"Antonelli tuli, n\u00e4gi ja v\u00f5itis taas, aga Mercedes pole ikkagi enam v\u00f5itmatu. Miks Russell tiimikaaslasele vastu ei saa? &#8211; Delfi Sport"},"content":{"rendered":"<ol>\n<li><a href=\"https:\/\/news.google.com\/rss\/articles\/CBMi7gFBVV95cUxON0FxOWlSTlpqLVR4Nml3Q0F6bF9odGxKbllzSlhId1lsWmtVSmh4anZObXE0d0VDd1JMY0pjTmwyenA1TWltR0p6NzVsV0FNQlc5RDlMMlNKQVl6dzk1dWw1X1J6QVNjOGUyWUpJTWxjUng5cGpmaTVGTU1CcGJTVHpCc3h5Si1LdWlubXZ5dmdGaFJJTFdrVU52bWQzS3dZc0JyWWdBcS0xY3hUX0t6U3hNS3BjX3p5TlVud0JuLWVLUG90eWdrNjZNaHRxMXowa0ZHZlViaGxyN3I4c183eXVLejdPSWhCcTRmNkJ3?oc=5\" target=\"_blank\" rel=\"nofollow noopener\">Antonelli tuli, n\u00e4gi ja v\u00f5itis taas, aga Mercedes pole ikkagi enam v\u00f5itmatu. Miks Russell tiimikaaslasele vastu ei saa?<\/a>&nbsp;&nbsp;Delfi Sport<\/li>\n<li><a href=\"https:\/\/news.google.com\/rss\/articles\/CBMiqgFBVV95cUxQMUNMXzJjRnFmTmVtbExNMExCZkRCRG9Vd1dXTHF2Ukd1SkVyMldzSFRRaWMyUWFIQ2ZYZkg4ankycU15bEZHMTVvSTVXTEI0WDlJQW05REFfbDE4a0UzNTg0TWRoYXlNQzdWc0pwUEdzZF9jYkhTMS1FTGtZcjcyTjZEUXJ5aU52MVhqaFJmUjhlMHJGaHhNQWNWTG1fbzBhYXExN0pacUdVQQ?oc=5\" target=\"_blank\" rel=\"nofollow noopener\">VABAM\u00c4E KOMMENTAAR | Kas Kimi Antonelli j\u00e4\u00e4bki v\u00f5idult v\u00f5idule sammuma?<\/a>&nbsp;&nbsp;\u00d5htuleht<\/li>\n<li><a href=\"https:\/\/news.google.com\/rss\/articles\/CBMikAFBVV95cUxOWXNhd2RHcGc1V2t0SFpOYldjZjFXWG9kU09yTnlnZ3VWZFlPMTRfd2FrdG5rU0ZrS2FSSGNPX0YyTVBCOU5oR3R5ZDJ2bnhqRGJ6NktZckdsVzBYQVlyWEhtemFDZFBSaU9KQjF6UWtWblRrMENWLThzMlpObTRnZWtKck5yMzF5LWtpRGh0SkE?oc=5\" target=\"_blank\" rel=\"nofollow noopener\">Imelaps Antonelli v\u00f5itis kolmanda j\u00e4rjestikuse F1 etapi<\/a>&nbsp;&nbsp;sport | ERR<\/li>\n<li><a href=\"https:\/\/news.google.com\/rss\/articles\/CBMiwwFBVV95cUxPR0JSV082Vkc1ZmNxVWNXbm5MOVZtTlIzM09nTGJ4UnRhZGhsZ2g0Y3R2SlRNWWk1VXhDaXZvaVAwbXEtYWIwdzQ0NElBaG1FcEF4R1FqdWJpd1p5VVhNWG9QNXdyNHM0bVVNOWR3elgtaVVjdFFSVjhrMkNEUGVHQWhHaFNkRHVrWloySEhGUFE3NC1YX1BRQno0R2ZrXzRKVW1uS1VPRFJScE5hQXVFRTBNOS1WaW0wVW9KNDNsZ0lzeDA?oc=5\" target=\"_blank\" rel=\"nofollow noopener\">Mercedes j\u00e4i t\u00e4navu esimest korda esikohata. McLaren v\u00f5ttis Miami sprindis\u00f5idus kaksikv\u00f5idu<\/a>&nbsp;&nbsp;Delfi Sport<\/li>\n<li><a href=\"https:\/\/news.google.com\/rss\/articles\/CBMilAFBVV95cUxNaFA1WXNpelZRZ1p4Y05yUVFNOVJ6ZXBXSG5BX3ozUjhXSEtZdVFUNWJqa1p1UlNiX1lUYl9ZeGlOcE5kZk81blNqSEY5NktiYVN1YW5VRlB4NGNyQmswX1pVeTQ2anozOWN0NElLR09ENkxTMElhYWU4UFFNcU83em83OEhBSDRnN1kxbFVnaEh2Vmdx?oc=5\" target=\"_blank\" rel=\"nofollow noopener\">Miami p\u00f5his\u00f5itu alustavad esireast Antonelli ja Verstappen<\/a>&nbsp;&nbsp;sport | ERR<\/li>\n<\/ol>\n","protected":false},"excerpt":{"rendered":"Antonelli tuli, n\u00e4gi ja v\u00f5itis taas, aga Mercedes pole ikkagi enam v\u00f5itmatu. Miks Russell tiimikaaslasele vastu ei saa?&nbsp;&nbsp;Delfi&hellip;\n","protected":false},"author":2,"featured_media":170160,"comment_status":"","ping_status":"","sticky":false,"template":"","format":"standard","meta":{"footnotes":"","_share_on_mastodon":"0"},"categories":[5],"tags":[26,27,4488,37,33,35,34,36,31,32,1956,21,19344,28,29,1574,7595,19,25,23,24,22,20,30,4487],"class_list":["post-170159","post","type-post","status-publish","format-standard","has-post-thumbnail","category-uldised-uudised","tag-breaking-news","tag-breakingnews","tag-charles-leclerc","tag-ee","tag-eesti","tag-eesti-keel","tag-estonia","tag-estonian","tag-featured-news","tag-featurednews","tag-george-russell","tag-headlines","tag-kimi-antonelli","tag-latest-news","tag-latestnews","tag-mclaren","tag-mercedes","tag-news","tag-populaarseimad-lood","tag-top-stories","tag-topstories","tag-uldised-uudised","tag-uudised","tag-viimased-uudised","tag-vormel-1"],"share_on_mastodon":{"url":"https:\/\/pubeurope.com\/@ee\/116521029157029740","error":""},"_links":{"self":[{"href":"https:\/\/www.europesays.com\/ee\/wp-json\/wp\/v2\/posts\/170159","targetHints":{"allow":["GET"]}}],"collection":[{"href":"https:\/\/www.europesays.com\/ee\/wp-json\/wp\/v2\/posts"}],"about":[{"href":"https:\/\/www.europesays.com\/ee\/wp-json\/wp\/v2\/types\/post"}],"author":[{"embeddable":true,"href":"https:\/\/www.europesays.com\/ee\/wp-json\/wp\/v2\/users\/2"}],"replies":[{"embeddable":true,"href":"https:\/\/www.europesays.com\/ee\/wp-json\/wp\/v2\/comments?post=170159"}],"version-history":[{"count":0,"href":"https:\/\/www.europesays.com\/ee\/wp-json\/wp\/v2\/posts\/170159\/revisions"}],"wp:featuredmedia":[{"embeddable":true,"href":"https:\/\/www.europesays.com\/ee\/wp-json\/wp\/v2\/media\/170160"}],"wp:attachment":[{"href":"https:\/\/www.europesays.com\/ee\/wp-json\/wp\/v2\/media?parent=170159"}],"wp:term":[{"taxonomy":"category","embeddable":true,"href":"https:\/\/www.europesays.com\/ee\/wp-json\/wp\/v2\/categories?post=170159"},{"taxonomy":"post_tag","embeddable":true,"href":"https:\/\/www.europesays.com\/ee\/wp-json\/wp\/v2\/tags?post=170159"}],"curies":[{"name":"wp","href":"https:\/\/api.w.org\/{rel}","templated":true}]}}