{"id":170189,"date":"2026-05-05T08:59:10","date_gmt":"2026-05-05T08:59:10","guid":{"rendered":"https:\/\/www.europesays.com\/ee\/170189\/"},"modified":"2026-05-05T08:59:10","modified_gmt":"2026-05-05T08:59:10","slug":"keir-starmer-kutsus-ules-voitlema-suurbritannias-leviva-juudivastasusega","status":"publish","type":"post","link":"https:\/\/www.europesays.com\/ee\/170189\/","title":{"rendered":"Keir Starmer kutsus \u00fcles v\u00f5itlema Suurbritannias leviva juudivastasusega"},"content":{"rendered":"<p class=\"p1\">Starmeri s\u00f5nul \u201eei piisa lihtsalt s\u00f5nadest, et me seisame juudi kogukondade k\u00f5rval\u201c ning antisemitismi \u00fchiskonnast kaotamiseks on vaja sektoritevahelisi pingutusi.<\/p>\n<p class=\"p1\">Viimastel kuudel on \u00dchendkuningriigis olnud mitu antisemiitliku iseloomuga juhtumit, sealhulgas kahe juudi mehe pussitamine 29. aprillil. Pussitamises kahtlustatakse 45-aastast Essa Suleimani. Teda s\u00fc\u00fcdistatakse kolmes m\u00f5rvakatses.<\/p>\n<p class=\"p1\">34-aastane Shloime Rand ja 76-aastane Norman Shine pussitati Londoni p\u00f5hjaosas asuvas \u00e4\u00e4relinnas. Kolmandat meest \u2013 Ishmail Husseini, kes tundis Suleimani \u2013 r\u00fcnnati enne seda samal p\u00e4eval. Metropolitani politsei kuulutas r\u00fcnnaku terroriaktiks.<\/p>\n<p class=\"p1\">30. aprillil t\u00f5steti \u00dchendkuningriigis terrorismiohu tase esimest korda nelja aasta jooksul tasemelt \u201eoluline\u201c tasemele \u201et\u00f5sine\u201c.<\/p>\n<p class=\"p1\">Viimastel n\u00e4dalatel on toimunud mitu s\u00fc\u00fctamist juudi kogukondadega seotud paikade vastu. Politsei on vahistanud 30 inimest ja \u00fcheksale inimesele on esitatud s\u00fc\u00fcdistus.<\/p>\n<p class=\"p1\">Eelmisel n\u00e4dalal teatas valitsus t\u00e4iendavast 25 miljoni naelsterlingi suurusest politsei lisarahastusest, et suurendada patrullide arvu paikades, kus elab palju juute.<\/p>\n<p class=\"p1\">Peaminister kutsus t\u00e4na p\u00e4rastl\u00f5unaks valitsuse ministrid kokku ka L\u00e4his-Ida reageerimiskomitee koosolekule, kus keskendutakse L\u00e4his-Ida konflikti sisejulgeolekuga seotud m\u00f5judele, eelk\u00f5ige ohu suurenemisele riigis elavale juudi kogukonnale, <a rel=\"noopener follow nofollow\" target=\"_blank\" href=\"https:\/\/www.bbc.com\/news\/articles\/czd2l55d1e7o\" data-rel-date-range=\"[]\">teatas<\/a> BBC.<\/p>\n<p>Kuidas see lugu Sind end tundma pani? Saada <a href=\"https:\/\/www.delfi.ee\/artikkel\/120573171\/keir-starmer-kutsus-ules-voitlema-suurbritannias-leviva-juudivastasusega\/kommentaarid\" class=\"article-body-bottom__comment article-body-bottom__comment--write button button--primary button--size-auto\" rel=\"nofollow noopener\" target=\"_blank\"> Kommenteeri <\/a><a href=\"https:\/\/www.delfi.ee\/artikkel\/120573171\/keir-starmer-kutsus-ules-voitlema-suurbritannias-leviva-juudivastasusega\/kommentaarid\" class=\"article-body-bottom__comment article-body-bottom__comment--read button button--size-auto\" rel=\"nofollow noopener\" target=\"_blank\"> Loe kommentaare (8)<\/a><\/p>\n","protected":false},"excerpt":{"rendered":"Starmeri s\u00f5nul \u201eei piisa lihtsalt s\u00f5nadest, et me seisame juudi kogukondade k\u00f5rval\u201c ning antisemitismi \u00fchiskonnast kaotamiseks on vaja&hellip;\n","protected":false},"author":2,"featured_media":170190,"comment_status":"","ping_status":"","sticky":false,"template":"","format":"standard","meta":{"footnotes":"","_share_on_mastodon":"0"},"categories":[80],"tags":[4141,26,27,37,33,35,34,36,31,32,21,993,28,29,95,19,25,660,23,24,1038,22,20,30,92,93,94],"class_list":["post-170189","post","type-post","status-publish","format-standard","has-post-thumbnail","category-maailm","tag-antisemitism","tag-breaking-news","tag-breakingnews","tag-ee","tag-eesti","tag-eesti-keel","tag-estonia","tag-estonian","tag-featured-news","tag-featurednews","tag-headlines","tag-keir-starmer","tag-latest-news","tag-latestnews","tag-maailm","tag-news","tag-populaarseimad-lood","tag-suurbritannia","tag-top-stories","tag-topstories","tag-uhendkuningriik","tag-uldised-uudised","tag-uudised","tag-viimased-uudised","tag-world","tag-world-news","tag-worldnews"],"share_on_mastodon":{"url":"https:\/\/pubeurope.com\/@ee\/116521151021755571","error":""},"_links":{"self":[{"href":"https:\/\/www.europesays.com\/ee\/wp-json\/wp\/v2\/posts\/170189","targetHints":{"allow":["GET"]}}],"collection":[{"href":"https:\/\/www.europesays.com\/ee\/wp-json\/wp\/v2\/posts"}],"about":[{"href":"https:\/\/www.europesays.com\/ee\/wp-json\/wp\/v2\/types\/post"}],"author":[{"embeddable":true,"href":"https:\/\/www.europesays.com\/ee\/wp-json\/wp\/v2\/users\/2"}],"replies":[{"embeddable":true,"href":"https:\/\/www.europesays.com\/ee\/wp-json\/wp\/v2\/comments?post=170189"}],"version-history":[{"count":0,"href":"https:\/\/www.europesays.com\/ee\/wp-json\/wp\/v2\/posts\/170189\/revisions"}],"wp:featuredmedia":[{"embeddable":true,"href":"https:\/\/www.europesays.com\/ee\/wp-json\/wp\/v2\/media\/170190"}],"wp:attachment":[{"href":"https:\/\/www.europesays.com\/ee\/wp-json\/wp\/v2\/media?parent=170189"}],"wp:term":[{"taxonomy":"category","embeddable":true,"href":"https:\/\/www.europesays.com\/ee\/wp-json\/wp\/v2\/categories?post=170189"},{"taxonomy":"post_tag","embeddable":true,"href":"https:\/\/www.europesays.com\/ee\/wp-json\/wp\/v2\/tags?post=170189"}],"curies":[{"name":"wp","href":"https:\/\/api.w.org\/{rel}","templated":true}]}}