{"id":170327,"date":"2026-05-05T11:23:10","date_gmt":"2026-05-05T11:23:10","guid":{"rendered":"https:\/\/www.europesays.com\/ee\/170327\/"},"modified":"2026-05-05T11:23:10","modified_gmt":"2026-05-05T11:23:10","slug":"india-peaministri-hinduistlik-partei-saab-enamikus-osariikides-piiramatu-voimu","status":"publish","type":"post","link":"https:\/\/www.europesays.com\/ee\/170327\/","title":{"rendered":"India peaministri hinduistlik partei saab enamikus osariikides piiramatu v\u00f5imu"},"content":{"rendered":"<p class=\"p1\">Modi partei pole kunagi L\u00e4\u00e4ne-Bengalit valitsenud ja on aastaid p\u00fc\u00fcdnud kukutada India Trinamooli Kongressi valitsust, mida juhib osariigi peaminister Mamata Banerjee. Banerjee on \u00fcks Modi tuntumaid kriitikuid. Ta osariiki valitsenud alates 2011. aastast, <a rel=\"noopener follow nofollow\" target=\"_blank\" href=\"https:\/\/apnews.com\/article\/india-state-elections-west-bengal-joseph-vija-561dc6a5460485df5c4d6d84c9bc1502\" data-rel-date-range=\"[]\">m\u00e4rgib<\/a> AP. <\/p>\n<p class=\"p1\">India 28 osariigis elab \u00fcle 1,4 miljardi inimese. Kuna elanikke on riigis v\u00e4ga palju, ei korraldata valimisi korraga, vaid need on hajutatud eri ajale. India on f\u00f6deratiivne parlamentaarne vabariik, kus osariikidel ja liiduterritooriumidel on oma seadusandlik kogu. Need valitakse \u00fcldjuhul viieks aastaks ning vastavalt osariigi p\u00f5hiseaduslikule korraldusele kehtivad enamikus osariikides samad \u00fcldp\u00f5him\u00f5tted nagu riigi parlamendi alamkojas. Osariigi parlament moodustab osariigi valitsuse, sarnaselt sellega, kuidas Delhis moodustatakse f\u00f6deraalne valitsus riigi parlamendivalimiste tulemuste p\u00f5hjal.<\/p>\n<p class=\"p1\">India valimiskomisjon avaldas esmasp\u00e4eval esialgsed tulemused, mis n\u00e4itasid, et Modi Bharatiya Janata Partei (BJP) v\u00f5itis 294-liikmelises L\u00e4\u00e4ne-Bengali assamblees v\u00e4hemalt 205 kohta. <\/p>\n<p class=\"p1\">Opositsioonierakonnad on teravalt kritiseerinud L\u00e4\u00e4ne-Bengali valimisi p\u00e4rast seda, kui valimiskomisjon eemaldas nimekirjadest miljoneid valijaid.<\/p>\n<p class=\"p2\">Modi \u00fctles avalduses, et L\u00e4\u00e4ne-Bengali assamblee valimised j\u00e4\u00e4vad igaveseks meelde. \u201eRahva v\u00f5im on v\u00f5idutsenud ja BJP hea valitsemistava poliitika on v\u00f5itnud. Ma kummardan iga L\u00e4\u00e4ne-Bengali elaniku ees,\u201c teatas ta. <\/p>\n<p class=\"p2\">V\u00f5it L\u00e4\u00e4ne-Bengalis, mis oli BJP pikaajaline ambitsioon, tugevdab hindu natsionalistliku partei piiramatut kontrolli India osariikide ja keskvalitsuse \u00fcle, laiendades samal ajal oma m\u00f5juv\u00f5imu riigi idaosas, <a rel=\"noopener follow nofollow\" target=\"_blank\" href=\"https:\/\/www.theguardian.com\/world\/2026\/may\/04\/modis-bjp-party-win-election-west-bengal-first-time\" data-rel-date-range=\"[]\">kirjutas<\/a> The Guardian.<\/p>\n<p class=\"p2\">Alates Modi peaministriks saamisest 2014. aastal on BJP domineerimine poliitikas suurenenud. Modi partei  eesm\u00e4rk on muuta India ilmaliku asemel hinduistlikuks riigiks. Praeguseks on BJP saanud v\u00f5imule 20 osariigis 28-st.<\/p>\n<p>Kuidas see lugu Sind end tundma pani? Saada <a href=\"https:\/\/www.delfi.ee\/artikkel\/120573243\/india-peaministri-hinduistlik-partei-saab-enamikus-osariikides-piiramatu-voimu\/kommentaarid\" class=\"article-body-bottom__comment article-body-bottom__comment--write button button--primary button--size-auto\" rel=\"nofollow noopener\" target=\"_blank\"> Kommenteeri <\/a><a href=\"https:\/\/www.delfi.ee\/artikkel\/120573243\/india-peaministri-hinduistlik-partei-saab-enamikus-osariikides-piiramatu-voimu\/kommentaarid\" class=\"article-body-bottom__comment article-body-bottom__comment--read button button--size-auto\" rel=\"nofollow noopener\" target=\"_blank\"> Loe kommentaare <\/a><\/p>\n","protected":false},"excerpt":{"rendered":"Modi partei pole kunagi L\u00e4\u00e4ne-Bengalit valitsenud ja on aastaid p\u00fc\u00fcdnud kukutada India Trinamooli Kongressi valitsust, mida juhib osariigi&hellip;\n","protected":false},"author":2,"featured_media":170328,"comment_status":"","ping_status":"","sticky":false,"template":"","format":"standard","meta":{"footnotes":"","_share_on_mastodon":"0"},"categories":[80],"tags":[26,27,37,33,35,34,36,31,32,21,1207,28,29,95,2390,19,25,23,24,22,20,30,92,93,94],"class_list":["post-170327","post","type-post","status-publish","format-standard","has-post-thumbnail","category-maailm","tag-breaking-news","tag-breakingnews","tag-ee","tag-eesti","tag-eesti-keel","tag-estonia","tag-estonian","tag-featured-news","tag-featurednews","tag-headlines","tag-india","tag-latest-news","tag-latestnews","tag-maailm","tag-narendra-modi","tag-news","tag-populaarseimad-lood","tag-top-stories","tag-topstories","tag-uldised-uudised","tag-uudised","tag-viimased-uudised","tag-world","tag-world-news","tag-worldnews"],"share_on_mastodon":{"url":"https:\/\/pubeurope.com\/@ee\/116521717369477917","error":""},"_links":{"self":[{"href":"https:\/\/www.europesays.com\/ee\/wp-json\/wp\/v2\/posts\/170327","targetHints":{"allow":["GET"]}}],"collection":[{"href":"https:\/\/www.europesays.com\/ee\/wp-json\/wp\/v2\/posts"}],"about":[{"href":"https:\/\/www.europesays.com\/ee\/wp-json\/wp\/v2\/types\/post"}],"author":[{"embeddable":true,"href":"https:\/\/www.europesays.com\/ee\/wp-json\/wp\/v2\/users\/2"}],"replies":[{"embeddable":true,"href":"https:\/\/www.europesays.com\/ee\/wp-json\/wp\/v2\/comments?post=170327"}],"version-history":[{"count":0,"href":"https:\/\/www.europesays.com\/ee\/wp-json\/wp\/v2\/posts\/170327\/revisions"}],"wp:featuredmedia":[{"embeddable":true,"href":"https:\/\/www.europesays.com\/ee\/wp-json\/wp\/v2\/media\/170328"}],"wp:attachment":[{"href":"https:\/\/www.europesays.com\/ee\/wp-json\/wp\/v2\/media?parent=170327"}],"wp:term":[{"taxonomy":"category","embeddable":true,"href":"https:\/\/www.europesays.com\/ee\/wp-json\/wp\/v2\/categories?post=170327"},{"taxonomy":"post_tag","embeddable":true,"href":"https:\/\/www.europesays.com\/ee\/wp-json\/wp\/v2\/tags?post=170327"}],"curies":[{"name":"wp","href":"https:\/\/api.w.org\/{rel}","templated":true}]}}