{"id":170573,"date":"2026-05-05T16:08:08","date_gmt":"2026-05-05T16:08:08","guid":{"rendered":"https:\/\/www.europesays.com\/ee\/170573\/"},"modified":"2026-05-05T16:08:08","modified_gmt":"2026-05-05T16:08:08","slug":"maasikakasvatajad-prognoosivad-vaiksemat-saaki-majandus","status":"publish","type":"post","link":"https:\/\/www.europesays.com\/ee\/170573\/","title":{"rendered":"Maasikakasvatajad prognoosivad v\u00e4iksemat saaki | Majandus"},"content":{"rendered":"<p>Eelmise aasta vihmane suvi kahjustas mitmetel maasikakasvatajatel p\u00f5lde ja nii tuleb sel aastal saak oodatust v\u00e4iksem. M\u00f5ju maasika hinnale veel ennustada ei osata.<\/p>\n<p>Tartumaal asuvas Wiira talus on maasikate all umbes kaks hektarit maad, mis on v\u00f5rdselt jaotatud sortide Aasia ja Falco vahel. T\u00e4nase seisuga on aga talu kaotanud vihmase suve t\u00f5ttu kuni 40 protsenti eelmisel aastal istutatud Falco taimedest.<\/p>\n<p>&#8220;Isegi need, mis on \u00fcles tulnud, kui palju nad see aasta saaki annavad, see on k\u00fcsim\u00e4rgi all. See t\u00e4hendab, et sissetulekut ei ole sellist nagu planeeritud on. Kevadistutuste jaoks on laenu v\u00f5etud ja m\u00f5eldud, et saab selle tagasi maksta suve l\u00f5pu poole, aga see l\u00fckkub k\u00f5ik j\u00e4rgmisesse aastasse edasi,&#8221; r\u00e4\u00e4kis Wiira talu perenaine Erle Hermann.<\/p>\n<p>Niiskuskahjustusega p\u00f5lde on aga Marjakasvatajate liidu juhatuse liikme ja Laari talu perenaise Kadri Nebokati s\u00f5nul ka mujal Eestis. Kui suured on kahjustused, s\u00f5ltub nii sellest, millal on taimed istutatud, kui palju oli eelmine aasta p\u00f5llul niiskust ning ka maasikasortidest. Nii n\u00e4iteks on ka P\u00f5lvamaal asuvas Joosepi talus vee alla j\u00e4\u00e4nud p\u00f5ldudel maasikataimed v\u00e4lja l\u00e4inud.<\/p>\n<p>&#8220;Selline suvi nagu eelmine aasta oli, kus praktiliselt istandikud olid vee all, see m\u00f5ju oli v\u00e4ga negatiivne. Aasia p\u00f5llud said meil eelmine aasta k\u00f5ige rohkem kannatada, j\u00e4id vee alla. Sealt on 50 protsenti k\u00fcll v\u00e4lja l\u00e4inud. Uued istandikud, mis said rajatud, nende peale l\u00e4ks k\u00fcmneid tuhandeid kui mitte sadu. Kui sealt pool maha v\u00f5tta, siis see on p\u00e4ris korralik kadu ja mitte ainult maasikas, vaid ka teised kultuurid &#8211; aedhernes ja kartul praktiliselt 90 protsenti j\u00e4id vee alla ja see on k\u00f5ik saamata j\u00e4\u00e4nud saak,&#8221; r\u00e4\u00e4kis Joosepi talu turundus- ja m\u00fc\u00fcgijuht Ranet Roositalu.<\/p>\n<p>Nii j\u00e4\u00e4b ka Joosepi talul sellel suvel saak oodatust v\u00e4iksemaks. Tartumaal asuva Laari talu perenaise s\u00f5nul on aga tal kahjusid veel vara hinnata. Hoolimata sellest, et osad taimed on praegu kehvemas seisus, siis \u00fcldpilt murettekitav ei ole.<\/p>\n<p>&#8220;Kuna kahjuks meil on olnud ilmastikust tingitult kolm suhteliselt rasket aastat, siis taimed iseenesest ei ole k\u00f5ige tugevamad, nad ei ole p\u00e4ris sellised nagu heade olude kokkulangevus. Saagi potentsiaal ei ole 100 protsenti. Praegu selline 75 umbes, midagi v\u00e4ga p\u00f5hjapanevat ei ole,&#8221; s\u00f5nas Kadri Nebokat.<\/p>\n<p>Kuigi maasikasaak j\u00e4\u00e4b sellel aastal mitmetel kasvatajatel oodatust v\u00e4iksemaks, ei pruugi kasvatajate s\u00f5nul hind selle t\u00f5ttu sellel suvel k\u00f5rgem olla. Wiira talu perenaise s\u00f5nul v\u00f5ib ka v\u00e4lismaine maasikas Eesti maasika k\u00f5rval hinna madalamana hoida. Samuti ei osata veel hinnata j\u00e4rgnevate n\u00e4dalate ilma, mis samuti m\u00f5jutab maasikasaaki. Esimesi maasikaid oodatakse juuni alguses.<\/p>\n","protected":false},"excerpt":{"rendered":"Eelmise aasta vihmane suvi kahjustas mitmetel maasikakasvatajatel p\u00f5lde ja nii tuleb sel aastal saak oodatust v\u00e4iksem. M\u00f5ju maasika&hellip;\n","protected":false},"author":2,"featured_media":170574,"comment_status":"","ping_status":"","sticky":false,"template":"","format":"standard","meta":{"footnotes":"","_share_on_mastodon":"0"},"categories":[14],"tags":[131,130,37,33,35,8248,34,36,78695,78694,30937,78693,8246],"class_list":["post-170573","post","type-post","status-publish","format-standard","has-post-thumbnail","category-ari","tag-ari","tag-business","tag-ee","tag-eesti","tag-eesti-keel","tag-erle-hermann","tag-estonia","tag-estonian","tag-joosepi-talu","tag-kadri-nebokat","tag-maasikad","tag-maasikakasvatajad","tag-wiira-talu"],"share_on_mastodon":{"url":"https:\/\/pubeurope.com\/@ee\/116522837845216482","error":""},"_links":{"self":[{"href":"https:\/\/www.europesays.com\/ee\/wp-json\/wp\/v2\/posts\/170573","targetHints":{"allow":["GET"]}}],"collection":[{"href":"https:\/\/www.europesays.com\/ee\/wp-json\/wp\/v2\/posts"}],"about":[{"href":"https:\/\/www.europesays.com\/ee\/wp-json\/wp\/v2\/types\/post"}],"author":[{"embeddable":true,"href":"https:\/\/www.europesays.com\/ee\/wp-json\/wp\/v2\/users\/2"}],"replies":[{"embeddable":true,"href":"https:\/\/www.europesays.com\/ee\/wp-json\/wp\/v2\/comments?post=170573"}],"version-history":[{"count":0,"href":"https:\/\/www.europesays.com\/ee\/wp-json\/wp\/v2\/posts\/170573\/revisions"}],"wp:featuredmedia":[{"embeddable":true,"href":"https:\/\/www.europesays.com\/ee\/wp-json\/wp\/v2\/media\/170574"}],"wp:attachment":[{"href":"https:\/\/www.europesays.com\/ee\/wp-json\/wp\/v2\/media?parent=170573"}],"wp:term":[{"taxonomy":"category","embeddable":true,"href":"https:\/\/www.europesays.com\/ee\/wp-json\/wp\/v2\/categories?post=170573"},{"taxonomy":"post_tag","embeddable":true,"href":"https:\/\/www.europesays.com\/ee\/wp-json\/wp\/v2\/tags?post=170573"}],"curies":[{"name":"wp","href":"https:\/\/api.w.org\/{rel}","templated":true}]}}