{"id":170579,"date":"2026-05-05T16:18:16","date_gmt":"2026-05-05T16:18:16","guid":{"rendered":"https:\/\/www.europesays.com\/ee\/170579\/"},"modified":"2026-05-05T16:18:16","modified_gmt":"2026-05-05T16:18:16","slug":"city-pikendab-oma-tahepoisiga-koostood-soccernet-ee","status":"publish","type":"post","link":"https:\/\/www.europesays.com\/ee\/170579\/","title":{"rendered":"City pikendab oma t\u00e4hepoisiga koost\u00f6\u00f6d &#8211; Soccernet.ee"},"content":{"rendered":"<p><img decoding=\"async\" src=\"https:\/\/www.europesays.com\/ee\/wp-content\/uploads\/2026\/05\/1777972937.jpg\" alt=\"Phil Foden. Foto: Scanpix \/ Glyn Kirk \/ AFP\"\/>&#13;\n<\/p>\n<p>K\u00fcmnekordne Inglismaa meisterklubi Manchester City pikendab t\u00e4htm\u00e4ngija Phil Fodeniga koost\u00f6\u00f6d.<\/p>\n<p>BBC kirjutab, et City akadeemias profijalgpalluriks sirgunud 25-aastane Foden j\u00e4tkab karj\u00e4\u00e4ri Manchesteri sinises v\u00f5istkonnas. Kui praegune leping oleks pidanud l\u00f5ppema j\u00e4rgmise aasta suvel, siis uue kontrahti kohaselt saab see l\u00e4bi 2030. aasta suvel.&#13;\n<\/p>\n<p>Inglismaa koondist 49 korda esindanud Foden tegi City eest deb\u00fc\u00fcdi 2017. aastal. T\u00e4naseks on tal klubi eest kirjas 365 m\u00e4ngu, 110 v\u00e4ravat ja 66 resultatiivset s\u00f6\u00f6tu. Tema auhinnakapist leiab lisaks kuuele Premier League&#8217;i tiitlile ka \u00fche Meistrite liiga trofee ning hulganisti erinevaid karikaid.&#13;\n<\/p>\n<p>City ja Foden v\u00f5in t\u00e4navu veel karikalisa saada, kui Premier League&#8217;is hoitakse hetkel tiitlirallis teist kohta ning karikav\u00f5istluste finaalis kohtutakse Londoni Chelseaga. Sel hooajal on inglane panustanud k\u00f5ikide sarjade peale 46 mat\u0161i, k\u00fcmne v\u00e4rava ja viie s\u00f6\u00f6duga.<\/p>\n","protected":false},"excerpt":{"rendered":"&#13; K\u00fcmnekordne Inglismaa meisterklubi Manchester City pikendab t\u00e4htm\u00e4ngija Phil Fodeniga koost\u00f6\u00f6d. BBC kirjutab, et City akadeemias profijalgpalluriks sirgunud&hellip;\n","protected":false},"author":2,"featured_media":170580,"comment_status":"","ping_status":"","sticky":false,"template":"","format":"standard","meta":{"footnotes":"","_share_on_mastodon":"0"},"categories":[18],"tags":[6937,37,33,35,34,36,7726,1614,18671,808,159,158],"class_list":["post-170579","post","type-post","status-publish","format-standard","has-post-thumbnail","category-sport","tag-city","tag-ee","tag-eesti","tag-eesti-keel","tag-estonia","tag-estonian","tag-foden","tag-manchester-city","tag-phil-foden","tag-premier-league","tag-sport","tag-sports"],"share_on_mastodon":{"url":"https:\/\/pubeurope.com\/@ee\/116522877487697306","error":""},"_links":{"self":[{"href":"https:\/\/www.europesays.com\/ee\/wp-json\/wp\/v2\/posts\/170579","targetHints":{"allow":["GET"]}}],"collection":[{"href":"https:\/\/www.europesays.com\/ee\/wp-json\/wp\/v2\/posts"}],"about":[{"href":"https:\/\/www.europesays.com\/ee\/wp-json\/wp\/v2\/types\/post"}],"author":[{"embeddable":true,"href":"https:\/\/www.europesays.com\/ee\/wp-json\/wp\/v2\/users\/2"}],"replies":[{"embeddable":true,"href":"https:\/\/www.europesays.com\/ee\/wp-json\/wp\/v2\/comments?post=170579"}],"version-history":[{"count":0,"href":"https:\/\/www.europesays.com\/ee\/wp-json\/wp\/v2\/posts\/170579\/revisions"}],"wp:featuredmedia":[{"embeddable":true,"href":"https:\/\/www.europesays.com\/ee\/wp-json\/wp\/v2\/media\/170580"}],"wp:attachment":[{"href":"https:\/\/www.europesays.com\/ee\/wp-json\/wp\/v2\/media?parent=170579"}],"wp:term":[{"taxonomy":"category","embeddable":true,"href":"https:\/\/www.europesays.com\/ee\/wp-json\/wp\/v2\/categories?post=170579"},{"taxonomy":"post_tag","embeddable":true,"href":"https:\/\/www.europesays.com\/ee\/wp-json\/wp\/v2\/tags?post=170579"}],"curies":[{"name":"wp","href":"https:\/\/api.w.org\/{rel}","templated":true}]}}