{"id":170648,"date":"2026-05-05T17:48:30","date_gmt":"2026-05-05T17:48:30","guid":{"rendered":"https:\/\/www.europesays.com\/ee\/170648\/"},"modified":"2026-05-05T17:48:30","modified_gmt":"2026-05-05T17:48:30","slug":"ristil-oli-maantee-aares-karupere","status":"publish","type":"post","link":"https:\/\/www.europesays.com\/ee\/170648\/","title":{"rendered":"Ristil oli maantee \u00e4\u00e4res karupere"},"content":{"rendered":"<p>            <a href=\"https:\/\/online.le.ee\/wp-content\/uploads\/2026\/05\/Foto-Janne-Voronova.jpg\" data-caption=\"Screenshot\" rel=\"nofollow noopener\" target=\"_blank\"><img loading=\"lazy\" width=\"696\" height=\"592\" class=\"entry-thumb td-modal-image lazyload\" alt=\"\" title=\"Screenshot\" src=\"https:\/\/www.europesays.com\/ee\/wp-content\/uploads\/2026\/05\/Foto-Janne-Voronova-696x592.jpg\" decoding=\"async\"  data- data-eio-rwidth=\"696\" data-eio-rheight=\"592\"\/><\/a>Screenshot<\/p>\n<p> Screenshot<\/p>\n<p>P\u00fchap\u00e4eval p\u00fc\u00fcdis \u00c4\u00e4sm\u00e4e-Haapsalu maanteel s\u00f5itnud naine Ristil maantee \u00e4\u00e4res pildile karuema kolme pojaga. Karupere seisis Risti aleviku servas Haapsalu maantee \u00e4\u00e4res.<\/p>\n<p>Risti kandi jahimehed Alvar Lai ja Elvo Leppmaa \u00fctlesid, et karusid on Risti kandis n\u00e4htud k\u00fcll ja neid on t\u00e4navu ka raja<\/p>\n<p>Artikli lugemiseks tellige p\u00e4evapilet, digipakett v\u00f5i <a href=\"https:\/\/online.le.ee\/tellimine\/\" rel=\"nofollow noopener\" target=\"_blank\">logige<\/a> sisse!<br \/>\n<a href=\"https:\/\/online.le.ee\/tellimine\" rel=\"attachment wp-att-387649 nofollow noopener\" target=\"_blank\"><img loading=\"lazy\" class=\"aligncenter size-full wp-image-387649 lazyload\" alt=\"\" width=\"688\" height=\"101\" src=\"https:\/\/www.europesays.com\/ee\/wp-content\/uploads\/2026\/04\/1776160812_300_tasuline.png\" decoding=\"async\" data-eio-rwidth=\"700\" data-eio-rheight=\"100\"\/><\/a><\/p>\n<p>Artikkel j\u00e4tkub peale reklaami<\/p>\n<p>Reklaam<\/p>\n<p>                        Eelmine artikkel<a href=\"https:\/\/online.le.ee\/2026\/05\/05\/juhtkiri-katkine-koolibuss\/\" rel=\"nofollow noopener\" target=\"_blank\">Juhtkiri: katkine koolibuss<\/a>J\u00e4rgmine artikkel<a href=\"https:\/\/online.le.ee\/2026\/05\/05\/laaneranda-kavandatakse-paikese-ja-akuparki\/\" rel=\"nofollow noopener\" target=\"_blank\">L\u00e4\u00e4neranda kavandatakse p\u00e4ikese- ja akuparki<\/a>                                <\/p>\n","protected":false},"excerpt":{"rendered":"Screenshot Screenshot P\u00fchap\u00e4eval p\u00fc\u00fcdis \u00c4\u00e4sm\u00e4e-Haapsalu maanteel s\u00f5itnud naine Ristil maantee \u00e4\u00e4res pildile karuema kolme pojaga. Karupere seisis Risti&hellip;\n","protected":false},"author":2,"featured_media":170649,"comment_status":"","ping_status":"","sticky":false,"template":"","format":"standard","meta":{"footnotes":"","_share_on_mastodon":"0"},"categories":[80],"tags":[26,27,37,33,35,34,36,31,32,21,78697,9671,28,29,95,19,25,23,24,22,20,30,92,93,94],"class_list":["post-170648","post","type-post","status-publish","format-standard","has-post-thumbnail","category-maailm","tag-breaking-news","tag-breakingnews","tag-ee","tag-eesti","tag-eesti-keel","tag-estonia","tag-estonian","tag-featured-news","tag-featurednews","tag-headlines","tag-janne-voronova","tag-karud","tag-latest-news","tag-latestnews","tag-maailm","tag-news","tag-populaarseimad-lood","tag-top-stories","tag-topstories","tag-uldised-uudised","tag-uudised","tag-viimased-uudised","tag-world","tag-world-news","tag-worldnews"],"share_on_mastodon":{"url":"https:\/\/pubeurope.com\/@ee\/116523231401789157","error":""},"_links":{"self":[{"href":"https:\/\/www.europesays.com\/ee\/wp-json\/wp\/v2\/posts\/170648","targetHints":{"allow":["GET"]}}],"collection":[{"href":"https:\/\/www.europesays.com\/ee\/wp-json\/wp\/v2\/posts"}],"about":[{"href":"https:\/\/www.europesays.com\/ee\/wp-json\/wp\/v2\/types\/post"}],"author":[{"embeddable":true,"href":"https:\/\/www.europesays.com\/ee\/wp-json\/wp\/v2\/users\/2"}],"replies":[{"embeddable":true,"href":"https:\/\/www.europesays.com\/ee\/wp-json\/wp\/v2\/comments?post=170648"}],"version-history":[{"count":0,"href":"https:\/\/www.europesays.com\/ee\/wp-json\/wp\/v2\/posts\/170648\/revisions"}],"wp:featuredmedia":[{"embeddable":true,"href":"https:\/\/www.europesays.com\/ee\/wp-json\/wp\/v2\/media\/170649"}],"wp:attachment":[{"href":"https:\/\/www.europesays.com\/ee\/wp-json\/wp\/v2\/media?parent=170648"}],"wp:term":[{"taxonomy":"category","embeddable":true,"href":"https:\/\/www.europesays.com\/ee\/wp-json\/wp\/v2\/categories?post=170648"},{"taxonomy":"post_tag","embeddable":true,"href":"https:\/\/www.europesays.com\/ee\/wp-json\/wp\/v2\/tags?post=170648"}],"curies":[{"name":"wp","href":"https:\/\/api.w.org\/{rel}","templated":true}]}}