{"id":170655,"date":"2026-05-05T17:59:19","date_gmt":"2026-05-05T17:59:19","guid":{"rendered":"https:\/\/www.europesays.com\/ee\/170655\/"},"modified":"2026-05-05T17:59:19","modified_gmt":"2026-05-05T17:59:19","slug":"ave-nahkur-ja-greta-kaupmees-esitlesid-lasteraamatut","status":"publish","type":"post","link":"https:\/\/www.europesays.com\/ee\/170655\/","title":{"rendered":"Ave Nahkur ja Greta Kaupmees esitlesid lasteraamatut"},"content":{"rendered":"<p>Vanad s\u00f5brad, ajakirjanik Greta Kaupmees ja kunstnik Ave Nahkur j\u00f5id kord teed ja arutasid, kuidas oma armsaid nana nunnusid ehk lapselapsi r\u00f5\u00f5mustada. Laup\u00e4eval esitlesid nad Viljandis elustiilipesas P\u00f5hk raamatut &#8220;Nanade lood. Aastaajad&#8221;.<\/p>\n<p>\u200bM\u00f5ttetalgutel s\u00fcndinu j\u00e4rel sai Eesti aastaaegade k\u00f5rval kaante vahele tiba nalja, veidi \u00f5petlikkust ja kuhjaga loomingulist vabadust.<\/p>\n","protected":false},"excerpt":{"rendered":"Vanad s\u00f5brad, ajakirjanik Greta Kaupmees ja kunstnik Ave Nahkur j\u00f5id kord teed ja arutasid, kuidas oma armsaid nana&hellip;\n","protected":false},"author":2,"featured_media":170656,"comment_status":"","ping_status":"","sticky":false,"template":"","format":"standard","meta":{"footnotes":"","_share_on_mastodon":"0"},"categories":[80],"tags":[12833,26,27,37,33,35,34,36,31,32,78701,21,2115,28,29,95,78700,19,25,23,24,22,20,30,92,93,94],"class_list":["post-170655","post","type-post","status-publish","format-standard","has-post-thumbnail","category-maailm","tag-ave-nahkur","tag-breaking-news","tag-breakingnews","tag-ee","tag-eesti","tag-eesti-keel","tag-estonia","tag-estonian","tag-featured-news","tag-featurednews","tag-greta-kaupmees","tag-headlines","tag-lasteraamat","tag-latest-news","tag-latestnews","tag-maailm","tag-nanade-lood","tag-news","tag-populaarseimad-lood","tag-top-stories","tag-topstories","tag-uldised-uudised","tag-uudised","tag-viimased-uudised","tag-world","tag-world-news","tag-worldnews"],"share_on_mastodon":{"url":"https:\/\/pubeurope.com\/@ee\/116523274455317097","error":""},"_links":{"self":[{"href":"https:\/\/www.europesays.com\/ee\/wp-json\/wp\/v2\/posts\/170655","targetHints":{"allow":["GET"]}}],"collection":[{"href":"https:\/\/www.europesays.com\/ee\/wp-json\/wp\/v2\/posts"}],"about":[{"href":"https:\/\/www.europesays.com\/ee\/wp-json\/wp\/v2\/types\/post"}],"author":[{"embeddable":true,"href":"https:\/\/www.europesays.com\/ee\/wp-json\/wp\/v2\/users\/2"}],"replies":[{"embeddable":true,"href":"https:\/\/www.europesays.com\/ee\/wp-json\/wp\/v2\/comments?post=170655"}],"version-history":[{"count":0,"href":"https:\/\/www.europesays.com\/ee\/wp-json\/wp\/v2\/posts\/170655\/revisions"}],"wp:featuredmedia":[{"embeddable":true,"href":"https:\/\/www.europesays.com\/ee\/wp-json\/wp\/v2\/media\/170656"}],"wp:attachment":[{"href":"https:\/\/www.europesays.com\/ee\/wp-json\/wp\/v2\/media?parent=170655"}],"wp:term":[{"taxonomy":"category","embeddable":true,"href":"https:\/\/www.europesays.com\/ee\/wp-json\/wp\/v2\/categories?post=170655"},{"taxonomy":"post_tag","embeddable":true,"href":"https:\/\/www.europesays.com\/ee\/wp-json\/wp\/v2\/tags?post=170655"}],"curies":[{"name":"wp","href":"https:\/\/api.w.org\/{rel}","templated":true}]}}