{"id":170725,"date":"2026-05-05T19:24:08","date_gmt":"2026-05-05T19:24:08","guid":{"rendered":"https:\/\/www.europesays.com\/ee\/170725\/"},"modified":"2026-05-05T19:24:08","modified_gmt":"2026-05-05T19:24:08","slug":"esimest-korda-eestis-esineva-black-eyed-peasi-kontserdil-astuvad-soojendusesinejatena-ules-kodumaised-artistid","status":"publish","type":"post","link":"https:\/\/www.europesays.com\/ee\/170725\/","title":{"rendered":"Esimest korda Eestis esineva Black Eyed Peas\u2019i kontserdil astuvad soojendusesinejatena \u00fcles kodumaised artistid"},"content":{"rendered":"<p>B\u00e4nd Black Eyed Peas peatub Tallinnas oma Euroopa tuuri raames. Nende soojendusartistidena astuvad \u00fcles <a rel=\"noopener nofollow\" target=\"_blank\" href=\"https:\/\/www.delfi.ee\/teema\/96854786\/sam\" tag-id=\"96854786\">S\u00e4m<\/a>, <a rel=\"noopener nofollow\" target=\"_blank\" href=\"https:\/\/www.delfi.ee\/teema\/73630887\/pur-mudd\" tag-id=\"73630887\">P\u00far M\u00fadd<\/a>, P\u00e4evakas x Muul ja Andres Puusepp. <\/p>\n<p>S\u00e4m on Eesti muusikamaastikul juba aastaid tegutsenud artist, kelle loomingus kohtuvad kaasaegne pop ja emotsionaalne isiklik l\u00e4henemine. Tema tuntumad lood on vallutanud Eesti raadiojaamu ning Spotify edetabeleid.<\/p>\n<p>P\u00far M\u00fadd on Eesti elektroonilise popi duo, kelle looming \u00fchendab tantsulise produktsiooni ja meeldej\u00e4\u00e4vad meloodiad. Nende tuntumate lugude hulka kuulub n\u00e4iteks \u201eAinult unustamiseks\u201c, mis on kogunud miljoneid kuulamisi ning j\u00f5udnud edetabelite tippu.<\/p>\n<p>Ajakava: <br \/>18:00 \u2013 uksed \/ DJ Andres Puusepp <br \/>19:30 \u2013 P\u00e4evakas x Muul  <br \/>20:30 \u2013 P\u00far M\u00fadd   <br \/>21:20 \u2013 S\u00e4m    <br \/>22:30 \u2013 Black Eyed Peas<\/p>\n<p>1995. aastal Los Angeleses loodud Black Eyed Peas on kujunenud globaalseks popkultuuri ikooniks, \u00fchendades hip-hopi, popi ja elektroonilise tantsumuusika koheselt \u00e4ratuntavaks helikeeleks. T\u00e4navu t\u00e4histab ansambel oma 31. s\u00fcnnip\u00e4eva.  Aastate jooksul on kollektiivi koosseisu kuulunud ja koost\u00f6\u00f6d teinud mitmed muusikud, nende seas lauljatar Fergie, kes liitus b\u00e4ndiga 2000. aastate alguses ning aitas kujundada nende rahvusvahelist l\u00e4bimurret albumitega \u201eElephunk\u201c ja \u201eMonkey Business\u201c.<\/p>\n<p>P\u00e4rast 2010. aasta albumit \u201eThe Beginning\u201c v\u00f5ttis ansambel m\u00f5neks ajaks loomingulise pausi, mille j\u00e4rel naaseti v\u00e4rskema suuna ja uue energiaga. 2018. aastal ilmus album \u201eMasters of the Sun Vol. 1\u201c, mis t\u00f5i fookuse taas hip-hopi juurtele.<\/p>\n<p>Peoh\u00fcmnid nagu \u201eBoom Boom Pow\u201c, \u201eI Gotta Feeling\u201c ja \u201eImma Be\u201c on defineerinud \u00fche konkreetse ajastu diskomuusika k\u00f5la. \u00dclituntud hitid \u201eWhere Is The Love?\u201c, \u201eLet\u2019s Get It Started\u201c, \u201eMy Humps\u201c, \u201eShut Up\u201c, \u201eMeet Me Half Way\u201c, \u201eMas Que Nada\u201c ja paljud teised on saatnud tervet p\u00f5lvkonda lugude loomisaegadest saati.<\/p>\n<p>T\u00e4naseks on b\u00e4ndi tuumikuks will.i.am, apl.de.ap ja Taboo, kes j\u00e4tkavad lavadel \u00fcle maailma, tuues \u00fchistele v\u00e4ljakutele kokku nii kauaaegsed f\u00e4nnid kui kuulajad uuest p\u00f5lvkonnast \u2013 niisamuti ka Eestis.<\/p>\n<p>Kuidas see lugu Sind end tundma pani? Saada <a href=\"https:\/\/kroonika.delfi.ee\/artikkel\/120573361\/esimest-korda-eestis-esineva-black-eyed-peas-i-kontserdil-astuvad-soojendusesinejatena-ules-kodumaised-artistid\/kommentaarid\" class=\"article-body-bottom__comment article-body-bottom__comment--write button button--primary button--size-auto\" rel=\"nofollow noopener\" target=\"_blank\"> Kommenteeri <\/a><a href=\"https:\/\/kroonika.delfi.ee\/artikkel\/120573361\/esimest-korda-eestis-esineva-black-eyed-peas-i-kontserdil-astuvad-soojendusesinejatena-ules-kodumaised-artistid\/kommentaarid\" class=\"article-body-bottom__comment article-body-bottom__comment--read button button--size-auto\" rel=\"nofollow noopener\" target=\"_blank\"> Loe kommentaare (1)<\/a><\/p>\n","protected":false},"excerpt":{"rendered":"B\u00e4nd Black Eyed Peas peatub Tallinnas oma Euroopa tuuri raames. Nende soojendusartistidena astuvad \u00fcles S\u00e4m, P\u00far M\u00fadd, P\u00e4evakas&hellip;\n","protected":false},"author":2,"featured_media":170726,"comment_status":"","ping_status":"","sticky":false,"template":"","format":"standard","meta":{"footnotes":"","_share_on_mastodon":"0"},"categories":[16],"tags":[54523,37,33,35,173,34,36,140,7452,4850],"class_list":["post-170725","post","type-post","status-publish","format-standard","has-post-thumbnail","category-meelelahutus","tag-black-eyed-peas","tag-ee","tag-eesti","tag-eesti-keel","tag-entertainment","tag-estonia","tag-estonian","tag-meelelahutus","tag-pur-mudd","tag-sam"],"share_on_mastodon":{"url":"https:\/\/pubeurope.com\/@ee\/116523608726280994","error":""},"_links":{"self":[{"href":"https:\/\/www.europesays.com\/ee\/wp-json\/wp\/v2\/posts\/170725","targetHints":{"allow":["GET"]}}],"collection":[{"href":"https:\/\/www.europesays.com\/ee\/wp-json\/wp\/v2\/posts"}],"about":[{"href":"https:\/\/www.europesays.com\/ee\/wp-json\/wp\/v2\/types\/post"}],"author":[{"embeddable":true,"href":"https:\/\/www.europesays.com\/ee\/wp-json\/wp\/v2\/users\/2"}],"replies":[{"embeddable":true,"href":"https:\/\/www.europesays.com\/ee\/wp-json\/wp\/v2\/comments?post=170725"}],"version-history":[{"count":0,"href":"https:\/\/www.europesays.com\/ee\/wp-json\/wp\/v2\/posts\/170725\/revisions"}],"wp:featuredmedia":[{"embeddable":true,"href":"https:\/\/www.europesays.com\/ee\/wp-json\/wp\/v2\/media\/170726"}],"wp:attachment":[{"href":"https:\/\/www.europesays.com\/ee\/wp-json\/wp\/v2\/media?parent=170725"}],"wp:term":[{"taxonomy":"category","embeddable":true,"href":"https:\/\/www.europesays.com\/ee\/wp-json\/wp\/v2\/categories?post=170725"},{"taxonomy":"post_tag","embeddable":true,"href":"https:\/\/www.europesays.com\/ee\/wp-json\/wp\/v2\/tags?post=170725"}],"curies":[{"name":"wp","href":"https:\/\/api.w.org\/{rel}","templated":true}]}}