{"id":170931,"date":"2026-05-06T04:48:28","date_gmt":"2026-05-06T04:48:28","guid":{"rendered":"https:\/\/www.europesays.com\/ee\/170931\/"},"modified":"2026-05-06T04:48:28","modified_gmt":"2026-05-06T04:48:28","slug":"viie-minutiga-lagunenud-manchester-city-andis-tiitli-ara-koik-trumbid-on-arsenali-kaes-soccernet-ee-2","status":"publish","type":"post","link":"https:\/\/www.europesays.com\/ee\/170931\/","title":{"rendered":"Viie minutiga lagunenud Manchester City andis tiitli \u00e4ra? K\u00f5ik trumbid on Arsenali k\u00e4es &#8211; Soccernet.ee"},"content":{"rendered":"<ol>\n<li><a href=\"https:\/\/news.google.com\/rss\/articles\/CBMiyAFBVV95cUxQNGVOVWNQeEgxU1BMbEhLdURRa0N1emZ6QkZKUHEtM1p6MHFTZEFxaEVlN0ZLVTNEMVM2MTJaZzhYVWhybTFRMEN0SUI5M3VsSUV3QlhDcVN4SERaSG1fOHdiTmxaa3MzRTZHOXNfQ29XYi0yVUlDQ0hvczU1R211UmFlZUVSNlRfR29ESWM0UnFqN2JZTXlVMUZNNXJlZzRnMVd6M0ctY3kxNGExM25Tdzg1UE5ycEdDQWJiVGRTS2lSZTNPV1o2WQ?oc=5\" target=\"_blank\" rel=\"nofollow noopener\">Viie minutiga lagunenud Manchester City andis tiitli \u00e4ra? K\u00f5ik trumbid on Arsenali k\u00e4es<\/a>&nbsp;&nbsp;Soccernet.ee<\/li>\n<li><a href=\"https:\/\/news.google.com\/rss\/articles\/CBMiP0FVX3lxTE1XMXBtREVaS3BqQUc3N3lOMk0tUmxHb0N1SVdoVEFtQUQyb1F4bTA5dDBwUER3QmQ3dlo2aXk2cw?oc=5\" target=\"_blank\" rel=\"nofollow noopener\">Tallinnas suleti Hipodroomi ristmik<\/a>&nbsp;&nbsp;Uudis.net<\/li>\n<li><a href=\"https:\/\/news.google.com\/rss\/articles\/CBMiqwFBVV95cUxNS2VLMnNWOFEwbE00S2NOODFCUHpmcnZOa0pEVVA5TTFyUWtYZG44bnVDdjQ0bGFLd3FXb1dNTnA3RlZJTmNSVlBvU0FuQmxuUEtLVUQ2R295dG52UTlIbzZnRlZleVJ0WXJlUTBRVlpxeVNpU1hHWHNEWXg5eDBZTFZXWFpfTVZfclotc1NsMVd0S2hJdTNaNjZqb2JhMV9QSmV4Q2lzLXM3LTA?oc=5\" target=\"_blank\" rel=\"nofollow noopener\">Evertonile punkte kaotanud Guardiola tiitlijuttudest: trumbid on Arsenali k\u00e4es<\/a>&nbsp;&nbsp;Soccernet.ee<\/li>\n<li><a href=\"https:\/\/news.google.com\/rss\/articles\/CBMiP0FVX3lxTE9HVW9YQVBPaWZ4OWtjZGVwaUdlQ1k5d21faUdNSzRiRDN4ajFKM3FkaGFFMkxHbS1yYXd4OWRjcw?oc=5\" target=\"_blank\" rel=\"nofollow noopener\">Hurricanes pani Flyersi teist korda paika<\/a>&nbsp;&nbsp;Uudis.net<\/li>\n<\/ol>\n","protected":false},"excerpt":{"rendered":"Viie minutiga lagunenud Manchester City andis tiitli \u00e4ra? K\u00f5ik trumbid on Arsenali k\u00e4es&nbsp;&nbsp;Soccernet.ee Tallinnas suleti Hipodroomi ristmik&nbsp;&nbsp;Uudis.net Evertonile&hellip;\n","protected":false},"author":2,"featured_media":169862,"comment_status":"","ping_status":"","sticky":false,"template":"","format":"standard","meta":{"footnotes":"","_share_on_mastodon":"0"},"categories":[18],"tags":[6937,37,33,35,34,36,802,39506,1101,806,1614,39507,808,159,158],"class_list":["post-170931","post","type-post","status-publish","format-standard","has-post-thumbnail","category-sport","tag-city","tag-ee","tag-eesti","tag-eesti-keel","tag-estonia","tag-estonian","tag-everton","tag-guehi","tag-inglismaa","tag-inglismaa-korgliiga","tag-manchester-city","tag-marc-guehi","tag-premier-league","tag-sport","tag-sports"],"share_on_mastodon":{"url":"https:\/\/pubeurope.com\/@ee\/116525826364655445","error":""},"_links":{"self":[{"href":"https:\/\/www.europesays.com\/ee\/wp-json\/wp\/v2\/posts\/170931","targetHints":{"allow":["GET"]}}],"collection":[{"href":"https:\/\/www.europesays.com\/ee\/wp-json\/wp\/v2\/posts"}],"about":[{"href":"https:\/\/www.europesays.com\/ee\/wp-json\/wp\/v2\/types\/post"}],"author":[{"embeddable":true,"href":"https:\/\/www.europesays.com\/ee\/wp-json\/wp\/v2\/users\/2"}],"replies":[{"embeddable":true,"href":"https:\/\/www.europesays.com\/ee\/wp-json\/wp\/v2\/comments?post=170931"}],"version-history":[{"count":0,"href":"https:\/\/www.europesays.com\/ee\/wp-json\/wp\/v2\/posts\/170931\/revisions"}],"wp:featuredmedia":[{"embeddable":true,"href":"https:\/\/www.europesays.com\/ee\/wp-json\/wp\/v2\/media\/169862"}],"wp:attachment":[{"href":"https:\/\/www.europesays.com\/ee\/wp-json\/wp\/v2\/media?parent=170931"}],"wp:term":[{"taxonomy":"category","embeddable":true,"href":"https:\/\/www.europesays.com\/ee\/wp-json\/wp\/v2\/categories?post=170931"},{"taxonomy":"post_tag","embeddable":true,"href":"https:\/\/www.europesays.com\/ee\/wp-json\/wp\/v2\/tags?post=170931"}],"curies":[{"name":"wp","href":"https:\/\/api.w.org\/{rel}","templated":true}]}}