{"id":170969,"date":"2026-05-06T06:04:09","date_gmt":"2026-05-06T06:04:09","guid":{"rendered":"https:\/\/www.europesays.com\/ee\/170969\/"},"modified":"2026-05-06T06:04:09","modified_gmt":"2026-05-06T06:04:09","slug":"foto-roomusonum-naitleja-rebel-wilsoni-ja-tema-latlannast-abikaasa-perre-sundis-teine-laps","status":"publish","type":"post","link":"https:\/\/www.europesays.com\/ee\/170969\/","title":{"rendered":"FOTO | R\u00f5\u00f5mus\u00f5num! N\u00e4itleja Rebel Wilsoni ja tema l\u00e4tlannast abikaasa perre s\u00fcndis teine laps"},"content":{"rendered":"<p>Rebel (46) avaldas esmasp\u00e4eval sotsiaalmeedias foto v\u00e4ikesest ilmakodanikust, kes tema ja Ramona (41) perre s\u00fcndis. T\u00fcdrukutirts sai endale nimeks Rose Estelle.<\/p>\n<p>\u201eUhkusega teatan teile meie teise t\u00fctre Rose Estelle\u2019i s\u00fcnnist! Milline imeline \u00f5nnistus, et meie peres on veel \u00fcks v\u00e4ike t\u00fcdruk! 4. mail sai meid neli!\u201c r\u00f5\u00f5mustas n\u00e4itleja Instagramis. \u201eRamona ja mina oleme \u00e4\u00e4retult t\u00e4nulikud ja \u00f5nnistatud, et saime oma perekonda suurendada,\u201c \u00fctles Rebel veel ja t\u00e4nas k\u00f5iki toredate soovide eest.<\/p>\n<p>Ramona teatas sotsiaalmeedias enda rasedusest eelmise aasta detsembrikuu algul. Nende peres kasvab juba t\u00fctar Royce Lilian, kes s\u00fcndis surrogaadi abil 2022. aasta novembris. <\/p>\n<p>Kaks pulmapidu<\/p>\n<p>Rebel ja Ramona abiellusid 2024. aastal. N\u00e4itleja kohtus oma L\u00e4tis s\u00fcndinud ja disainerina tegutseva abikaasaga esimest korda kolm aastat varem. Nende suhe tuli avalikuks 2022. aasta juunis ning kaks aastat hiljem paar kihlus.<\/p>\n<p>Nende suhte esimene katsumus oli see, et Rebel oli vahetult enne nende suhtesse astumist otsustanud lapse saada ning surrogaat oli n\u00e4itleja beebit juba ootamas. See t\u00e4hendas seda, et v\u00e4rske armastuse k\u00f5rvalt tuli naistel hakata kohanema ka Royce Lilliani emaks olemisega.<\/p>\n<p>Paar abiellus tunamullu hilissuvel. Toona peeti pulmad Itaalias ning tseremooniat v\u00e4isasid k\u00fcmned paari l\u00e4hedased. L\u00e4tlanna l\u00e4hisugulased otsustasid \u00fcrituselt puududa, sest nad pole siiani heaks kiitnud oma t\u00fctre suhet.<\/p>\n<p>Hiljem selgus, et see polnudki Rebeli ja Ramona ametlik paaripanek. Seet\u00f5ttu korraldas paar ka aasta l\u00f5pus tagasihoidliku tseremoonia, et kooselu ka paberite j\u00e4rgi ametlikuks teha. Teine tseremoonia toimus s\u00fcmboolselt <a rel=\"noopener nofollow\" target=\"_blank\" href=\"https:\/\/www.delfi.ee\/teema\/33131299\/sydney\" tag-id=\"33131299\">Sydneys<\/a>, kus Rebel on ka ise \u00fcles kasvanud. Paari t\u00fctar Royce oli sedapuhku lilleneiu rollis.<\/p>\n<p>Kuidas see lugu Sind end tundma pani? Saada <a href=\"https:\/\/kroonika.delfi.ee\/artikkel\/120573380\/foto-roomusonum-naitleja-rebel-wilsoni-ja-tema-latlannast-abikaasa-perre-sundis-teine-laps\/kommentaarid\" class=\"article-body-bottom__comment article-body-bottom__comment--write button button--primary button--size-auto\" rel=\"nofollow noopener\" target=\"_blank\"> Kommenteeri <\/a><a href=\"https:\/\/kroonika.delfi.ee\/artikkel\/120573380\/foto-roomusonum-naitleja-rebel-wilsoni-ja-tema-latlannast-abikaasa-perre-sundis-teine-laps\/kommentaarid\" class=\"article-body-bottom__comment article-body-bottom__comment--read button button--size-auto\" rel=\"nofollow noopener\" target=\"_blank\"> Loe kommentaare (1)<\/a><\/p>\n","protected":false},"excerpt":{"rendered":"Rebel (46) avaldas esmasp\u00e4eval sotsiaalmeedias foto v\u00e4ikesest ilmakodanikust, kes tema ja Ramona (41) perre s\u00fcndis. T\u00fcdrukutirts sai endale&hellip;\n","protected":false},"author":2,"featured_media":170970,"comment_status":"","ping_status":"","sticky":false,"template":"","format":"standard","meta":{"footnotes":"","_share_on_mastodon":"0"},"categories":[16],"tags":[37,33,35,173,34,36,140,20043,4250],"class_list":["post-170969","post","type-post","status-publish","format-standard","has-post-thumbnail","category-meelelahutus","tag-ee","tag-eesti","tag-eesti-keel","tag-entertainment","tag-estonia","tag-estonian","tag-meelelahutus","tag-rebel-wilson","tag-sydney"],"share_on_mastodon":{"url":"https:\/\/pubeurope.com\/@ee\/116526125321845331","error":""},"_links":{"self":[{"href":"https:\/\/www.europesays.com\/ee\/wp-json\/wp\/v2\/posts\/170969","targetHints":{"allow":["GET"]}}],"collection":[{"href":"https:\/\/www.europesays.com\/ee\/wp-json\/wp\/v2\/posts"}],"about":[{"href":"https:\/\/www.europesays.com\/ee\/wp-json\/wp\/v2\/types\/post"}],"author":[{"embeddable":true,"href":"https:\/\/www.europesays.com\/ee\/wp-json\/wp\/v2\/users\/2"}],"replies":[{"embeddable":true,"href":"https:\/\/www.europesays.com\/ee\/wp-json\/wp\/v2\/comments?post=170969"}],"version-history":[{"count":0,"href":"https:\/\/www.europesays.com\/ee\/wp-json\/wp\/v2\/posts\/170969\/revisions"}],"wp:featuredmedia":[{"embeddable":true,"href":"https:\/\/www.europesays.com\/ee\/wp-json\/wp\/v2\/media\/170970"}],"wp:attachment":[{"href":"https:\/\/www.europesays.com\/ee\/wp-json\/wp\/v2\/media?parent=170969"}],"wp:term":[{"taxonomy":"category","embeddable":true,"href":"https:\/\/www.europesays.com\/ee\/wp-json\/wp\/v2\/categories?post=170969"},{"taxonomy":"post_tag","embeddable":true,"href":"https:\/\/www.europesays.com\/ee\/wp-json\/wp\/v2\/tags?post=170969"}],"curies":[{"name":"wp","href":"https:\/\/api.w.org\/{rel}","templated":true}]}}