{"id":171062,"date":"2026-05-06T07:56:07","date_gmt":"2026-05-06T07:56:07","guid":{"rendered":"https:\/\/www.europesays.com\/ee\/171062\/"},"modified":"2026-05-06T07:56:07","modified_gmt":"2026-05-06T07:56:07","slug":"pildid-tallinnas-avati-eesti-noore-kunsti-oksjoninaitus-kunst","status":"publish","type":"post","link":"https:\/\/www.europesays.com\/ee\/171062\/","title":{"rendered":"Pildid: Tallinnas avati Eesti noore kunsti oksjonin\u00e4itus | Kunst"},"content":{"rendered":"<p>T\u00e4navu k\u00fcmnendat korda toimuvale Eesti noorte kunstnike kevadn\u00e4itusele ja -oksjonile p\u00e4\u00e4sesid 526 kandidaadi seast 92 t\u00f6\u00f6d. K\u00f5ik t\u00f6\u00f6d on eksponeeritud n\u00e4itusel Tallinnas Art &amp; Tonic galeriis kuni 15. maini, samal p\u00e4eval toimub ka oksjon.<\/p>\n<p>&#8220;Osta noort kunsti&#8221;\u00a0kevadoksjonile esitati\u00a0t\u00f6id\u00a0269\u00a0erinevalt\u00a0autorilt, neist\u00a030\u00a0teevad sel kevadel oma deb\u00fc\u00fcdi.\u00a0&#8220;Huvi oksjoni vastu kasvab iga aastaga ning ka t\u00e4navune rekordarv kandideerijaid n\u00e4itab, et noortel kunstnikel on tugev soov oma loominguga publiku ette j\u00f5uda. Meie eesm\u00e4rk on pakkuda neile n\u00e4htavust ning tuua samal ajal kodumaist kunsti ka ostjatele l\u00e4hemale,&#8221;\u00a0r\u00f5hutas\u00a0oksjoni korraldaja ning Art &amp;\u00a0Tonic\u00a0galerist Reigo Kuivj\u00f5gi.\u00a0<\/p>\n<p>Reigo\u00a0Kuivj\u00f5gi\u00a0lubas, et\u00a0t\u00e4navune valik\u00a0tutvustab oma loometee\u00a0eri etappides olevaid kunstnikke\u00a0ning toob v\u00e4ga\u00a0h\u00e4sti\u00a0esile t\u00e4nase\u00a0noore kunsti mitmekesisuse\u00a0ja arengusuunad. &#8220;Esindatud on nii tuntust kogunud autorid kui ka\u00a0p\u00e4ris uued tegijad. Meie n\u00e4htu p\u00f5hjal on selge, et nooremal p\u00f5lvkonnal on meeletult potentsiaali ning usun, et nii m\u00f5nestki siin n\u00e4itusel osalejast saab tulevikus tipptegija,&#8221; r\u00e4\u00e4kis Kuivj\u00f5gi\u00a0ning lisas, et\u00a0t\u00e4navuses valikus leiduvad\u00a0ka\u00a0m\u00f5ned\u00a0laiemale avalikkusele\u00a0mujalt\u00a0tuttavad nimed nagu Johanna Randmann\u00a0ja\u00a0Villemdrillem.\u00a0\u00a0<\/p>\n<p>Oksjon on \u00fcles ehitatud p\u00f5him\u00f5ttel, et kunst oleks k\u00e4ttesaadav v\u00f5imalikult laiale huviliste ringile ning valikus leidub midagi nii vilunud kollektsion\u00e4\u00e4rile kui ka alles alustavale kunstiostjale. &#8220;Kunstnikud m\u00e4\u00e4ravad oma t\u00f6\u00f6dele alghinna ise. T\u00e4navu on madalaim alghind vaid \u00fcks euro ja k\u00f5rgeim 2000 eurot, samas on\u00a0varasemalt \u00fche teose\u00a0l\u00f5pphind\u00a0kerkinud\u00a0ka \u00fcle 20 000 euro,&#8221; m\u00e4rkis Kuivj\u00f5gi.\u00a0<\/p>\n<p>&#8220;Osta noort kunsti&#8221; n\u00e4itus on k\u00fclastajatele tasuta avatud 1. kuni 14. maini Art &amp;\u00a0Tonic\u00a0galeriis. Kevadoksjon toimub 15. mail kell 18:00 samas galeriis ning paralleelselt veebis osta.ee keskkonnas.\u00a0<\/p>\n","protected":false},"excerpt":{"rendered":"T\u00e4navu k\u00fcmnendat korda toimuvale Eesti noorte kunstnike kevadn\u00e4itusele ja -oksjonile p\u00e4\u00e4sesid 526 kandidaadi seast 92 t\u00f6\u00f6d. K\u00f5ik t\u00f6\u00f6d&hellip;\n","protected":false},"author":2,"featured_media":171063,"comment_status":"","ping_status":"","sticky":false,"template":"","format":"standard","meta":{"footnotes":"","_share_on_mastodon":"0"},"categories":[18],"tags":[78766,78767,37,33,35,34,36,190,3686,78765,50757,159,158],"class_list":["post-171062","post","type-post","status-publish","format-standard","has-post-thumbnail","category-sport","tag-art-tonic","tag-art-tonic-galerii","tag-ee","tag-eesti","tag-eesti-keel","tag-estonia","tag-estonian","tag-kunst","tag-oksjon","tag-osta-noort-kunsti","tag-reigo-kuivjogi","tag-sport","tag-sports"],"share_on_mastodon":{"url":"https:\/\/pubeurope.com\/@ee\/116526565724902728","error":""},"_links":{"self":[{"href":"https:\/\/www.europesays.com\/ee\/wp-json\/wp\/v2\/posts\/171062","targetHints":{"allow":["GET"]}}],"collection":[{"href":"https:\/\/www.europesays.com\/ee\/wp-json\/wp\/v2\/posts"}],"about":[{"href":"https:\/\/www.europesays.com\/ee\/wp-json\/wp\/v2\/types\/post"}],"author":[{"embeddable":true,"href":"https:\/\/www.europesays.com\/ee\/wp-json\/wp\/v2\/users\/2"}],"replies":[{"embeddable":true,"href":"https:\/\/www.europesays.com\/ee\/wp-json\/wp\/v2\/comments?post=171062"}],"version-history":[{"count":0,"href":"https:\/\/www.europesays.com\/ee\/wp-json\/wp\/v2\/posts\/171062\/revisions"}],"wp:featuredmedia":[{"embeddable":true,"href":"https:\/\/www.europesays.com\/ee\/wp-json\/wp\/v2\/media\/171063"}],"wp:attachment":[{"href":"https:\/\/www.europesays.com\/ee\/wp-json\/wp\/v2\/media?parent=171062"}],"wp:term":[{"taxonomy":"category","embeddable":true,"href":"https:\/\/www.europesays.com\/ee\/wp-json\/wp\/v2\/categories?post=171062"},{"taxonomy":"post_tag","embeddable":true,"href":"https:\/\/www.europesays.com\/ee\/wp-json\/wp\/v2\/tags?post=171062"}],"curies":[{"name":"wp","href":"https:\/\/api.w.org\/{rel}","templated":true}]}}