{"id":171350,"date":"2026-05-06T13:28:09","date_gmt":"2026-05-06T13:28:09","guid":{"rendered":"https:\/\/www.europesays.com\/ee\/171350\/"},"modified":"2026-05-06T13:28:09","modified_gmt":"2026-05-06T13:28:09","slug":"klick-eesti-juht-kliendid-otsivad-uha-enam-voimalusi-kuidas-ostud-vaiksemateks-makseteks-jagada","status":"publish","type":"post","link":"https:\/\/www.europesays.com\/ee\/171350\/","title":{"rendered":"Klick Eesti juht: kliendid otsivad \u00fcha enam v\u00f5imalusi, kuidas ostud v\u00e4iksemateks makseteks jagada"},"content":{"rendered":"<p>\u201eTarbijate ostusoov ei ole kusagile kadunud, kuid \u00fcha enam n\u00e4eme, et ostuotsuseid ei tehta enam nii kergek\u00e4eliselt. Inimesed on hinnatundlikumad ning otsivad v\u00f5imalusi, kuidas t\u00f6\u00f6stuskaupu endale lubada,\u201c \u00fctles Klick Eesti juhatuse liige Kaire Koik.<\/p>\n<p>Tema s\u00f5nul ostetakse k\u00f5ige rohkem s\u00fclearvuteid, mobiiltelefone ja nende lisatarvikuid. \u201eNeed on igap\u00e4evaelus vajalikud vahendid, mitte luksuskaubad. Kui eelmine seade on t\u00f6\u00f6 l\u00f5petanud, ei saa uue ostmist kuigi kaua edasi l\u00fckata,\u201c lisas Koik. Samas m\u00e4rkis ta, et elektroonikasektor ei ole saanud endale lubada samasugust hinnat\u00f5usu nagu m\u00f5ni teine valdkond.<\/p>\n<p>Koiki teeb murelikuks ka piiri\u00fclene kaubandus, mis m\u00f5jutab paratamatult Eesti tarbijate ostuk\u00e4itumist. \u201eKuna inimesed on \u00fcha hinnatundlikumad, otsitakse t\u00f5en\u00e4oliselt samav\u00e4\u00e4rseid tooteid ka v\u00e4lismaalt. V\u00e4ikeriigi kaubanduse pahupool on see, et k\u00f5iki tooteid ei ole v\u00f5imalik siia tuua, sest kogused on v\u00e4ikesed ja see ei tasu end \u00e4ra,\u201c kirjeldas ta.<\/p>\n<p>Kuigi majanduse olukord ja tarbijate ebakindlus teevad kaupmeestele muret, p\u00fc\u00fctakse Koigi s\u00f5nul siiski j\u00e4\u00e4da optimistlikuks. \u201eUsaldame oma tarbijaid ja proovime leida viise, kuidas neile tuge pakkuda, et vajalikud ostud saaksid tehtud. N\u00e4iteks pakume laiemat valikut makselahendusi, mis aitavad oste ajatada,\u201c selgitas Koik.<\/p>\n<p>Tagasimakse periood l\u00fcheneb<\/p>\n<p><a rel=\"noopener nofollow\" target=\"_blank\" href=\"https:\/\/www.delfi.ee\/teema\/96885805\/klick\" tag-id=\"96885805\">Klick<\/a> Eesti juhi s\u00f5nul kasutatakse t\u00f6\u00f6stuskaupade ostmisel finantseerimist k\u00fcllalt sageli. \u201eTarbijad eelistavad \u00fcha l\u00fchema perioodiga finantseerimislahendusi. N\u00e4eme, et klassikalise j\u00e4relmaksu kasutamine on ajas v\u00e4henenud. Samal ajal on pankade poolt turule tulnud mitmesuguseid krediitkaarte, mille intress on sageli j\u00e4relmaksuga v\u00f5rreldav, samuti \u2019osta kohe, maksa hiljem\u2019 lahendused,\u201c \u00fctles Koik.<\/p>\n<p>Inbanki Eesti \u00e4ri\u00fcksuse juht Hanno Ladvas kinnitas, et tarbijad tunnevad suuremat huvi l\u00fchema perioodiga maksev\u00f5imaluste vastu. \u201eEesti tarbijad on \u00fcsna konservatiivsed ja kaaluvad iga ostu hoolikalt l\u00e4bi. Seda kinnitab ka meie viimane tarbijauuring, millest selgus, et 85 protsenti vastanutest kaalub finantseerimist juba ostu planeerimise etapis ning vaid 10 protsenti otsustab j\u00e4relmaksu kasuks alles kassas,\u201c lausus Ladvas.<\/p>\n<p>Tema s\u00f5nul on \u00fcha olulisemaks muutunud ka pere-eelarve juhtimine ja igakuiste kulude tasakaalus hoidmine. \u201eRahatarkuse levik on muutnud inimesed teadlikumaks,  investeeritakse ja s\u00e4\u00e4stetakse rohkem. On loogiline, et see kandub \u00fcle ka igap\u00e4evasesse tarbimisse ning inimesed m\u00f5tlevad \u00fcha enam, kas ootamatud v\u00e4ljaminekud tasub katta s\u00e4\u00e4studest v\u00f5i kasutada m\u00f5nd nutikat makselahendust,\u201c selgitas Ladvas. Ta lisas, et sellele aitavad kaasa ka finantslahenduste pakkujad, kes toovad turule uusi v\u00f5imalusi teadlikuma eelarvepidamise toetamiseks.<\/p>\n<p>N\u00e4iteks on \u00fcks kiiremini kasvavaid tarbijafinantseerimise lahendusi \u201eosta kohe, maksa hiljem\u201c, mille kasutus on Inbanki andmetel aastaga kasvanud ligi 50 protsenti. \u201eN\u00e4iteks annab see tarbijale v\u00f5imaluse jagada ost mitmeks v\u00f5rdseks makseks ilma lisatasudeta. Kui osta n\u00e4iteks 700 eurot maksev telefon, tekib tarbijal k\u00fcsimus, kas maksta kogu summa kohe v\u00f5i jagada see n\u00e4iteks kolme kuu peale ehk tasuda korraga 700 eurot v\u00f5i umbes 233 eurot kuus. Soovi korral saab ostu lisatasudeta jagada ka kuue kuu peale, muutes igakuise makse veelgi v\u00e4iksemaks,\u201c t\u00f5i Ladvas n\u00e4ite. <\/p>\n<p>Turg n\u00f5uab mitmekesist valikut<\/p>\n<p>Klick Eesti juhatuse liige lisas, et ka nemad on toonud selle makselahenduse oma valikusse, et pakkuda tarbijatele rohkem v\u00f5imalusi ja vastata turun\u00f5udlusele. \u201eKaupmehed, kes t\u00e4nap\u00e4evaseid lahendusi ei paku, riskivad sellega, et j\u00e4\u00e4vad kliendist ilma. Praeguses niigi keerulises olukorras on see v\u00e4ga suur risk. Kui on olemas v\u00f5imalused seda maandada, tuleks neid ka kasutada,\u201c \u00fctles Koik.<\/p>\n<p>Sellega n\u00f5ustus ka Ladvas. \u201e\u00dcldine majandusolukord ja tarbijate madal kindlustunne sunnivad inimesi finantskohustusi hoolikamalt kaaluma ning m\u00f5tlema ka sellele, kuidas end ootamatute olukordade eest kaitsta,\u201c \u00fctles ta. N\u00e4iteks tuntakse \u00fcha suuremat huvi maksekaitsekindlustuse vastu, mis aitab olukorras, kus kohustus on v\u00f5etud, kuid sissetulek ajutiselt v\u00f5i p\u00fcsivalt katkeb. Inbanki kogemus n\u00e4itab, et ligi pooled maksekaitsekindlustuse lepingud s\u00f5lmitakse tarbimislaenudele ja pooled j\u00e4relmaksule.<\/p>\n<p>Kuidas see lugu Sind end tundma pani? Saada <a href=\"https:\/\/arileht.delfi.ee\/a\/120573495\/klick-eesti-juht-kliendid-otsivad-uha-enam-voimalusi-kuidas-ostud-vaiksemateks-makseteks-jagada\/kommentaarid\" class=\"article-body-bottom__comment article-body-bottom__comment--write button button--primary button--size-auto\" rel=\"nofollow noopener\" target=\"_blank\"> Kommenteeri <\/a><a href=\"https:\/\/arileht.delfi.ee\/a\/120573495\/klick-eesti-juht-kliendid-otsivad-uha-enam-voimalusi-kuidas-ostud-vaiksemateks-makseteks-jagada\/kommentaarid\" class=\"article-body-bottom__comment article-body-bottom__comment--read button button--size-auto\" rel=\"nofollow noopener\" target=\"_blank\"> Loe kommentaare (2)<\/a><\/p>\n","protected":false},"excerpt":{"rendered":"\u201eTarbijate ostusoov ei ole kusagile kadunud, kuid \u00fcha enam n\u00e4eme, et ostuotsuseid ei tehta enam nii kergek\u00e4eliselt. Inimesed&hellip;\n","protected":false},"author":2,"featured_media":171351,"comment_status":"","ping_status":"","sticky":false,"template":"","format":"standard","meta":{"footnotes":"","_share_on_mastodon":"0"},"categories":[14],"tags":[131,130,37,33,35,19393,34,36,28291],"class_list":["post-171350","post","type-post","status-publish","format-standard","has-post-thumbnail","category-ari","tag-ari","tag-business","tag-ee","tag-eesti","tag-eesti-keel","tag-elektroonika","tag-estonia","tag-estonian","tag-klick"],"share_on_mastodon":{"url":"https:\/\/pubeurope.com\/@ee\/116527870937773739","error":""},"_links":{"self":[{"href":"https:\/\/www.europesays.com\/ee\/wp-json\/wp\/v2\/posts\/171350","targetHints":{"allow":["GET"]}}],"collection":[{"href":"https:\/\/www.europesays.com\/ee\/wp-json\/wp\/v2\/posts"}],"about":[{"href":"https:\/\/www.europesays.com\/ee\/wp-json\/wp\/v2\/types\/post"}],"author":[{"embeddable":true,"href":"https:\/\/www.europesays.com\/ee\/wp-json\/wp\/v2\/users\/2"}],"replies":[{"embeddable":true,"href":"https:\/\/www.europesays.com\/ee\/wp-json\/wp\/v2\/comments?post=171350"}],"version-history":[{"count":0,"href":"https:\/\/www.europesays.com\/ee\/wp-json\/wp\/v2\/posts\/171350\/revisions"}],"wp:featuredmedia":[{"embeddable":true,"href":"https:\/\/www.europesays.com\/ee\/wp-json\/wp\/v2\/media\/171351"}],"wp:attachment":[{"href":"https:\/\/www.europesays.com\/ee\/wp-json\/wp\/v2\/media?parent=171350"}],"wp:term":[{"taxonomy":"category","embeddable":true,"href":"https:\/\/www.europesays.com\/ee\/wp-json\/wp\/v2\/categories?post=171350"},{"taxonomy":"post_tag","embeddable":true,"href":"https:\/\/www.europesays.com\/ee\/wp-json\/wp\/v2\/tags?post=171350"}],"curies":[{"name":"wp","href":"https:\/\/api.w.org\/{rel}","templated":true}]}}