{"id":171361,"date":"2026-05-06T13:41:28","date_gmt":"2026-05-06T13:41:28","guid":{"rendered":"https:\/\/www.europesays.com\/ee\/171361\/"},"modified":"2026-05-06T13:41:28","modified_gmt":"2026-05-06T13:41:28","slug":"jahimehed-ja-ametnikud-arutasid-sak-i-ja-suurkiskjate-ule","status":"publish","type":"post","link":"https:\/\/www.europesays.com\/ee\/171361\/","title":{"rendered":"Jahimehed ja ametnikud arutasid SAK-i ja suurkiskjate \u00fcle"},"content":{"rendered":"<p>            <a href=\"https:\/\/www.europesays.com\/ee\/wp-content\/uploads\/2026\/05\/saki-pilt-pta-scaled.jpg\" data-caption=\"Foto: PTA\"><img loading=\"lazy\" decoding=\"async\" width=\"2560\" height=\"1440\" class=\"entry-thumb td-modal-image\" src=\"https:\/\/www.europesays.com\/ee\/wp-content\/uploads\/2026\/05\/saki-pilt-pta-scaled.jpg\"   alt=\"\" title=\"saki pilt - pta\"\/><\/a>Foto: PTA<\/p>\n<p>4. mail kohtusid Eesti Jahimeeste Seltsi ja Keskkonnaameti esindajad, et arutada p\u00e4evakajalisi jahindust puudutavaid teemasid. <\/p>\n<p>P\u00f5hiliselt keskenduti kahele suuremale teemale: sigade Aafrika katk ja selle t\u00f5rjemeetmed ning suurkiskjad ja nende k\u00fcttimine.<\/p>\n<p>EJS tutvustas jahimeeste seltsi tegevusi seakatkuga v\u00f5itlemisel, sh droonide kasutamist koduseafarmi \u00fcmbruste monitoorimisel. Hetkel kasutatakse kolme drooni, \u00fchte Saaremaal, J\u00e4rvamaal ja Tartumaal. Samuti oodatakse valitsuse seisukohta droonikoolituste ja -lendude l\u00e4biviimiseks.<\/p>\n<p>Suurkiskjate puhul tundsid jahimehed huvi, kuidas hakkab toimuma karu nuhtlusisendite k\u00fcttimine.<\/p>\n<p>Keskkonnaameti poolt tutvustati uut ameti struktuuri ja vastutusalasid. Samuti r\u00e4\u00e4giti ettevalmistatavast seakatku k\u00e4skkirjast.<\/p>\n<p>EJS-i poolt osalesid n\u00f5upidamisel asepresident Toomas K\u00f5uhkna, juhatuse liige Endrik Raun ja tegevjuht T\u00f5nis Korts. Keskkonnaameti poolt peadirektori aset\u00e4itja Leelo Kukk ning jahinduse ja vee-elustiku osakonna juhataja Tanel T\u00fcrna.<\/p>\n","protected":false},"excerpt":{"rendered":"Foto: PTA 4. mail kohtusid Eesti Jahimeeste Seltsi ja Keskkonnaameti esindajad, et arutada p\u00e4evakajalisi jahindust puudutavaid teemasid. P\u00f5hiliselt&hellip;\n","protected":false},"author":2,"featured_media":171362,"comment_status":"","ping_status":"","sticky":false,"template":"","format":"standard","meta":{"footnotes":"","_share_on_mastodon":"0"},"categories":[12],"tags":[26,27,37,33,2830,35,34,36,31,32,21,2832,5773,1452,11001,28,29,19,25,5463,1397,7664,23,24,22,20,30],"class_list":["post-171361","post","type-post","status-publish","format-standard","has-post-thumbnail","category-eesti","tag-breaking-news","tag-breakingnews","tag-ee","tag-eesti","tag-eesti-jahimeeste-selts","tag-eesti-keel","tag-estonia","tag-estonian","tag-featured-news","tag-featurednews","tag-headlines","tag-jahindus","tag-karujaht","tag-keskkonnaamet","tag-koostoo","tag-latest-news","tag-latestnews","tag-news","tag-populaarseimad-lood","tag-seakatk","tag-sigade-aafrika-katk","tag-suurkiskja","tag-top-stories","tag-topstories","tag-uldised-uudised","tag-uudised","tag-viimased-uudised"],"share_on_mastodon":{"url":"https:\/\/pubeurope.com\/@ee\/116527922842568738","error":""},"_links":{"self":[{"href":"https:\/\/www.europesays.com\/ee\/wp-json\/wp\/v2\/posts\/171361","targetHints":{"allow":["GET"]}}],"collection":[{"href":"https:\/\/www.europesays.com\/ee\/wp-json\/wp\/v2\/posts"}],"about":[{"href":"https:\/\/www.europesays.com\/ee\/wp-json\/wp\/v2\/types\/post"}],"author":[{"embeddable":true,"href":"https:\/\/www.europesays.com\/ee\/wp-json\/wp\/v2\/users\/2"}],"replies":[{"embeddable":true,"href":"https:\/\/www.europesays.com\/ee\/wp-json\/wp\/v2\/comments?post=171361"}],"version-history":[{"count":0,"href":"https:\/\/www.europesays.com\/ee\/wp-json\/wp\/v2\/posts\/171361\/revisions"}],"wp:featuredmedia":[{"embeddable":true,"href":"https:\/\/www.europesays.com\/ee\/wp-json\/wp\/v2\/media\/171362"}],"wp:attachment":[{"href":"https:\/\/www.europesays.com\/ee\/wp-json\/wp\/v2\/media?parent=171361"}],"wp:term":[{"taxonomy":"category","embeddable":true,"href":"https:\/\/www.europesays.com\/ee\/wp-json\/wp\/v2\/categories?post=171361"},{"taxonomy":"post_tag","embeddable":true,"href":"https:\/\/www.europesays.com\/ee\/wp-json\/wp\/v2\/tags?post=171361"}],"curies":[{"name":"wp","href":"https:\/\/api.w.org\/{rel}","templated":true}]}}