{"id":171439,"date":"2026-05-06T15:08:09","date_gmt":"2026-05-06T15:08:09","guid":{"rendered":"https:\/\/www.europesays.com\/ee\/171439\/"},"modified":"2026-05-06T15:08:09","modified_gmt":"2026-05-06T15:08:09","slug":"suri-cnn-i-asutaja-ted-turner-valismaa","status":"publish","type":"post","link":"https:\/\/www.europesays.com\/ee\/171439\/","title":{"rendered":"Suri CNN-i asutaja Ted Turner | V\u00e4lismaa"},"content":{"rendered":"<p>USA meediategelane, uudistetelevisiooni CNN asutaja ja filantroop Ted Turner suri kolmap\u00e4eval 87 aasta vanuselt, teatas telekanal.<\/p>\n<p>Ohio osariigis s\u00fcndinud ja Atlantas tegutsenud \u00e4rimees, kes oli tuntud oma otsekohese \u00fctlemise poolest, rajas meediaimpeeriumi, kuhu kuulusid kaabeltelevisiooni uudistekanal, populaarsed filmi- ja multifilmikanalid ning spordimeeskonnad nagu pesapalliv\u00f5istkond Atlanta Braves.<\/p>\n<p>Turner oli ka rahvusvaheliselt tuntud purjetaja, filantroop, kes asutas fondi United Nations Foundation, aktivist, kes p\u00fc\u00fcdis saavutada tuumarelvade t\u00e4ielikku kaotamist maailmas, ning looduskaitsja, kellest sai \u00fcks USA suurimaid maaomanikke. Tal oli oluline roll piisonite taasasustamisel Ameerika l\u00e4\u00e4neosa piirkondadesse. Ta l\u00f5i ka multifilmi Captain Planet, et \u00f5petada lastele keskkonnateemasid.<\/p>\n<p>K\u00f5ige kuulsamaks tegi ta siiski julge visioon tuua maailma uudised vaatajateni reaalajas ja \u00f6\u00f6p\u00e4evaringselt, m\u00e4rkis CNN oma teates.<\/p>\n<p>Ajakiri Time nimetas Turneri 1991. aastal oma aasta inimeseks, kuna ta m\u00f5jutas v\u00e4ljaande hinnangul s\u00fcndmuste kulgu ja muutis 150 riigi vaatajad ajaloo vahetuteks tunnistajateks.<\/p>\n<p>Hiljem m\u00fc\u00fcs Turner oma telekanalid Time Warnerile ja taandus \u00e4rist, kuid v\u00e4ljendas j\u00e4tkuvalt uhkust CNN-i \u00fcle, nimetades seda oma elu suurimaks saavutuseks.<\/p>\n<p>&#8220;Ted oli \u00e4\u00e4rmiselt p\u00fchendunud ja kaasatud juht, kartmatu ja julge ning alati valmis usaldama oma vaistu ja otsustusv\u00f5imet,&#8221; \u00fctles CNN Worldwide&#8217;i juhatuse esimees ja tegevjuht Mark Thompson. &#8220;Ta oli ja j\u00e4\u00e4b CNN-i vaimseks liidriks. Ted on hiiglane, kelle \u00f5lgadel me seisame, ning me k\u00f5ik v\u00f5tame t\u00e4na hetke, et tunnustada teda ja tema m\u00f5ju meie elule ja maailmale.&#8221;<\/p>\n<p>Veidi rohkem kui kuu enne oma 80. s\u00fcnnip\u00e4eva 2018. aastal avaldas Turner, et tal on Lewy kehadega dementsus \u2013 progresseeruv ajuh\u00e4ire. 2025. aasta alguses viibis ta kerge kopsup\u00f5letiku t\u00f5ttu haiglas, kuid paranes hiljem taastusraviasutuses.<\/p>\n","protected":false},"excerpt":{"rendered":"USA meediategelane, uudistetelevisiooni CNN asutaja ja filantroop Ted Turner suri kolmap\u00e4eval 87 aasta vanuselt, teatas telekanal. Ohio osariigis&hellip;\n","protected":false},"author":2,"featured_media":171440,"comment_status":"","ping_status":"","sticky":false,"template":"","format":"standard","meta":{"footnotes":"","_share_on_mastodon":"0"},"categories":[80],"tags":[26,27,13725,37,33,35,34,36,31,32,21,28,29,95,19,25,78851,23,24,22,20,30,92,93,94],"class_list":["post-171439","post","type-post","status-publish","format-standard","has-post-thumbnail","category-maailm","tag-breaking-news","tag-breakingnews","tag-cnn","tag-ee","tag-eesti","tag-eesti-keel","tag-estonia","tag-estonian","tag-featured-news","tag-featurednews","tag-headlines","tag-latest-news","tag-latestnews","tag-maailm","tag-news","tag-populaarseimad-lood","tag-ted-turner","tag-top-stories","tag-topstories","tag-uldised-uudised","tag-uudised","tag-viimased-uudised","tag-world","tag-world-news","tag-worldnews"],"share_on_mastodon":{"url":"https:\/\/pubeurope.com\/@ee\/116528264213232152","error":""},"_links":{"self":[{"href":"https:\/\/www.europesays.com\/ee\/wp-json\/wp\/v2\/posts\/171439","targetHints":{"allow":["GET"]}}],"collection":[{"href":"https:\/\/www.europesays.com\/ee\/wp-json\/wp\/v2\/posts"}],"about":[{"href":"https:\/\/www.europesays.com\/ee\/wp-json\/wp\/v2\/types\/post"}],"author":[{"embeddable":true,"href":"https:\/\/www.europesays.com\/ee\/wp-json\/wp\/v2\/users\/2"}],"replies":[{"embeddable":true,"href":"https:\/\/www.europesays.com\/ee\/wp-json\/wp\/v2\/comments?post=171439"}],"version-history":[{"count":0,"href":"https:\/\/www.europesays.com\/ee\/wp-json\/wp\/v2\/posts\/171439\/revisions"}],"wp:featuredmedia":[{"embeddable":true,"href":"https:\/\/www.europesays.com\/ee\/wp-json\/wp\/v2\/media\/171440"}],"wp:attachment":[{"href":"https:\/\/www.europesays.com\/ee\/wp-json\/wp\/v2\/media?parent=171439"}],"wp:term":[{"taxonomy":"category","embeddable":true,"href":"https:\/\/www.europesays.com\/ee\/wp-json\/wp\/v2\/categories?post=171439"},{"taxonomy":"post_tag","embeddable":true,"href":"https:\/\/www.europesays.com\/ee\/wp-json\/wp\/v2\/tags?post=171439"}],"curies":[{"name":"wp","href":"https:\/\/api.w.org\/{rel}","templated":true}]}}