{"id":171496,"date":"2026-05-06T16:12:10","date_gmt":"2026-05-06T16:12:10","guid":{"rendered":"https:\/\/www.europesays.com\/ee\/171496\/"},"modified":"2026-05-06T16:12:10","modified_gmt":"2026-05-06T16:12:10","slug":"karol-metsa-mangud-st-paulis-voivad-olla-mangitud","status":"publish","type":"post","link":"https:\/\/www.europesays.com\/ee\/171496\/","title":{"rendered":"Karol Metsa m\u00e4ngud St. Paulis v\u00f5ivad olla m\u00e4ngitud"},"content":{"rendered":"<p>Saksa ajaleht Hamburger Abendblatt kirjutab, et Mets m\u00e4ngis n\u00e4dalavahetusel toimunud Bundesliga kohtumises Mainzi vastu, mis kaotati 1:2, valuvaigistite abil. V\u00e4idetavalt teeb Eesti koondislasele muret reievigastus, mille t\u00e4pset ulatust ei avalikustatud.<\/p>\n<p>On \u00fcsna t\u00f5en\u00e4oline, et Mets sel hooajal enam St. Pauli eest v\u00e4ljakule ei tule. Kuna eestlasel on klubiga kehtiv leping kuni k\u00e4imasoleva hooaja l\u00f5puni, on v\u00f5imalik, et kohtumine Mainzi vastu j\u00e4i tema viimaseks St. Pauli s\u00e4rgis.<\/p>\n<p>St. Paulil on ees \u00fclimalt olulised kaks n\u00e4dalat, millest s\u00f5ltub, kas klubi j\u00e4\u00e4b Bundesligasse p\u00fcsima v\u00f5i mitte. Kaks vooru enne hooaja l\u00f5ppu ollakse liigatabelis 32 m\u00e4ngust kogutud 26 punktiga eelviimasel ehk 17. kohal. Tabeli viimasel real on Heidenheim 23 punktiga, St. Pauli ees on v\u00f5rdsete punktidega Wolfsburg, kes edestab neid \u00fcksnes parema v\u00e4ravate vahe t\u00f5ttu.<\/p>\n<p>Liigatabeli kaks viimast langevad j\u00e4rgmiseks hooajaks 2. Bundesligasse. 16. kohal l\u00f5petav meeskond peab Bundesligasse p\u00fcsimaj\u00e4\u00e4miseks alistama kahe m\u00e4ngu kokkuv\u00f5ttes 2. Bundesliga kolmanda koha meeskonna.<\/p>\n<p>St. Pauli kohtub eelviimases voorus, 9. mail Eesti aja j\u00e4rgi kell 16.30 v\u00f5\u00f5rsil <a rel=\"noopener nofollow\" target=\"_blank\" href=\"https:\/\/www.delfi.ee\/teema\/76400517\/rb-leipzig\" tag-id=\"76400517\">RB Leipzigiga<\/a> ning n\u00e4dal hiljem sama kell koduv\u00e4ljakul Wolfsburgiga. <\/p>\n<p>Kuidas see lugu Sind end tundma pani? Saada <a href=\"https:\/\/sport.delfi.ee\/artikkel\/120573557\/karol-metsa-mangud-st-paulis-voivad-olla-mangitud\/kommentaarid\" class=\"article-body-bottom__comment article-body-bottom__comment--write button button--primary button--size-auto\" rel=\"nofollow noopener\" target=\"_blank\"> Kommenteeri <\/a><a href=\"https:\/\/sport.delfi.ee\/artikkel\/120573557\/karol-metsa-mangud-st-paulis-voivad-olla-mangitud\/kommentaarid\" class=\"article-body-bottom__comment article-body-bottom__comment--read button button--size-auto\" rel=\"nofollow noopener\" target=\"_blank\"> Loe kommentaare (5)<\/a><\/p>\n","protected":false},"excerpt":{"rendered":"Saksa ajaleht Hamburger Abendblatt kirjutab, et Mets m\u00e4ngis n\u00e4dalavahetusel toimunud Bundesliga kohtumises Mainzi vastu, mis kaotati 1:2, valuvaigistite&hellip;\n","protected":false},"author":2,"featured_media":171497,"comment_status":"","ping_status":"","sticky":false,"template":"","format":"standard","meta":{"footnotes":"","_share_on_mastodon":"0"},"categories":[18],"tags":[527,37,33,35,34,36,5040,1161,159,158,3242],"class_list":["post-171496","post","type-post","status-publish","format-standard","has-post-thumbnail","category-sport","tag-bundesliga","tag-ee","tag-eesti","tag-eesti-keel","tag-estonia","tag-estonian","tag-karol-mets","tag-rb-leipzig","tag-sport","tag-sports","tag-vigastus"],"share_on_mastodon":{"url":"https:\/\/pubeurope.com\/@ee\/116528516270032643","error":""},"_links":{"self":[{"href":"https:\/\/www.europesays.com\/ee\/wp-json\/wp\/v2\/posts\/171496","targetHints":{"allow":["GET"]}}],"collection":[{"href":"https:\/\/www.europesays.com\/ee\/wp-json\/wp\/v2\/posts"}],"about":[{"href":"https:\/\/www.europesays.com\/ee\/wp-json\/wp\/v2\/types\/post"}],"author":[{"embeddable":true,"href":"https:\/\/www.europesays.com\/ee\/wp-json\/wp\/v2\/users\/2"}],"replies":[{"embeddable":true,"href":"https:\/\/www.europesays.com\/ee\/wp-json\/wp\/v2\/comments?post=171496"}],"version-history":[{"count":0,"href":"https:\/\/www.europesays.com\/ee\/wp-json\/wp\/v2\/posts\/171496\/revisions"}],"wp:featuredmedia":[{"embeddable":true,"href":"https:\/\/www.europesays.com\/ee\/wp-json\/wp\/v2\/media\/171497"}],"wp:attachment":[{"href":"https:\/\/www.europesays.com\/ee\/wp-json\/wp\/v2\/media?parent=171496"}],"wp:term":[{"taxonomy":"category","embeddable":true,"href":"https:\/\/www.europesays.com\/ee\/wp-json\/wp\/v2\/categories?post=171496"},{"taxonomy":"post_tag","embeddable":true,"href":"https:\/\/www.europesays.com\/ee\/wp-json\/wp\/v2\/tags?post=171496"}],"curies":[{"name":"wp","href":"https:\/\/api.w.org\/{rel}","templated":true}]}}