{"id":171589,"date":"2026-05-06T18:57:15","date_gmt":"2026-05-06T18:57:15","guid":{"rendered":"https:\/\/www.europesays.com\/ee\/171589\/"},"modified":"2026-05-06T18:57:15","modified_gmt":"2026-05-06T18:57:15","slug":"vormel-1-unistust-jahtiv-paul-aron-teen-koik-mis-voimalik-et-oma-voimalusi-suurendada","status":"publish","type":"post","link":"https:\/\/www.europesays.com\/ee\/171589\/","title":{"rendered":"Vormel 1 unistust jahtiv Paul Aron: teen k\u00f5ik, mis v\u00f5imalik, et oma v\u00f5imalusi suurendada"},"content":{"rendered":"<p>T\u00e4navu hakkas F1-s uute tehniliste reeglite ajastu. Nii suuri muutusi kuninglikus vormelisarjas kahe hooaja vahel sisuliselt olnud polegi. Aroni t\u00f6\u00f6andja Alpine on t\u00e4navust hooaega alustanud edukalt, kui juba nelja etapiga on eelmise aasta punktisaldo \u00fcletatud ning nelja suurima tiimi &#8211; Mercedes, Ferrari, McLaren ja Red Bull &#8211; j\u00e4rel hoitakse viiendat kohta.<\/p>\n<p>Oma rolli Alpine\u2019i tiimis t\u00e4idab edasi ka Aron. Delfi uuris v\u00f5idus\u00f5itjalt, kuidas t\u00e4navused esimesed kuud eestlasel m\u00f6\u00f6dunud on ning mis m\u00f5tetega ta edasisele hooajale otsa vaatab. Peaeesm\u00e4rk on m\u00f5istagi teenida ise tulevikuks p\u00f5his\u00f5itja koht.<\/p>\n<p>Oled juba tellija?Logi sisse<\/p>\n<p><a href=\"https:\/\/sport.delfi.ee\/artikkel\/120573550\/vormel-1-unistust-jahtiv-paul-aron-teen-koik-mis-voimalik-et-oma-voimalusi-suurendada\/kommentaarid\" class=\"article-body-bottom__comment article-body-bottom__comment--write button button--primary button--size-auto\" rel=\"nofollow noopener\" target=\"_blank\"> Kommenteeri <\/a><a href=\"https:\/\/sport.delfi.ee\/artikkel\/120573550\/vormel-1-unistust-jahtiv-paul-aron-teen-koik-mis-voimalik-et-oma-voimalusi-suurendada\/kommentaarid\" class=\"article-body-bottom__comment article-body-bottom__comment--read button button--size-auto\" rel=\"nofollow noopener\" target=\"_blank\"> Loe kommentaare (3)<\/a><\/p>\n","protected":false},"excerpt":{"rendered":"T\u00e4navu hakkas F1-s uute tehniliste reeglite ajastu. Nii suuri muutusi kuninglikus vormelisarjas kahe hooaja vahel sisuliselt olnud polegi.&hellip;\n","protected":false},"author":2,"featured_media":171590,"comment_status":"","ping_status":"","sticky":false,"template":"","format":"standard","meta":{"footnotes":"","_share_on_mastodon":"0"},"categories":[18],"tags":[1164,37,33,35,34,36,1163,159,158,4487],"class_list":["post-171589","post","type-post","status-publish","format-standard","has-post-thumbnail","category-sport","tag-alpine","tag-ee","tag-eesti","tag-eesti-keel","tag-estonia","tag-estonian","tag-paul-aron","tag-sport","tag-sports","tag-vormel-1"],"share_on_mastodon":{"url":"https:\/\/pubeurope.com\/@ee\/116529164752908920","error":""},"_links":{"self":[{"href":"https:\/\/www.europesays.com\/ee\/wp-json\/wp\/v2\/posts\/171589","targetHints":{"allow":["GET"]}}],"collection":[{"href":"https:\/\/www.europesays.com\/ee\/wp-json\/wp\/v2\/posts"}],"about":[{"href":"https:\/\/www.europesays.com\/ee\/wp-json\/wp\/v2\/types\/post"}],"author":[{"embeddable":true,"href":"https:\/\/www.europesays.com\/ee\/wp-json\/wp\/v2\/users\/2"}],"replies":[{"embeddable":true,"href":"https:\/\/www.europesays.com\/ee\/wp-json\/wp\/v2\/comments?post=171589"}],"version-history":[{"count":0,"href":"https:\/\/www.europesays.com\/ee\/wp-json\/wp\/v2\/posts\/171589\/revisions"}],"wp:featuredmedia":[{"embeddable":true,"href":"https:\/\/www.europesays.com\/ee\/wp-json\/wp\/v2\/media\/171590"}],"wp:attachment":[{"href":"https:\/\/www.europesays.com\/ee\/wp-json\/wp\/v2\/media?parent=171589"}],"wp:term":[{"taxonomy":"category","embeddable":true,"href":"https:\/\/www.europesays.com\/ee\/wp-json\/wp\/v2\/categories?post=171589"},{"taxonomy":"post_tag","embeddable":true,"href":"https:\/\/www.europesays.com\/ee\/wp-json\/wp\/v2\/tags?post=171589"}],"curies":[{"name":"wp","href":"https:\/\/api.w.org\/{rel}","templated":true}]}}