{"id":171614,"date":"2026-05-06T19:29:13","date_gmt":"2026-05-06T19:29:13","guid":{"rendered":"https:\/\/www.europesays.com\/ee\/171614\/"},"modified":"2026-05-06T19:29:13","modified_gmt":"2026-05-06T19:29:13","slug":"ornitoloog-selgitab-kuidas-suudab-vaike-linnuke-nii-tugevat-haalt-teha-kas-linnu-laul-linnas-ja-metsas-erineb","status":"publish","type":"post","link":"https:\/\/www.europesays.com\/ee\/171614\/","title":{"rendered":"ORNITOLOOG SELGITAB | Kuidas suudab v\u00e4ike linnuke nii tugevat h\u00e4\u00e4lt teha? Kas linnu laul linnas ja metsas erineb?"},"content":{"rendered":"<p>M\u00f5nele laul, teisele t\u00fc\u00fctu heli, mis kostab ka l\u00e4bi kinnise akna ja peletab une. Linnule ei maksa laulmist pahaks panna \u2013 ta laulab elu eest. Laulmine tagab geenide j\u00f5udmise j\u00e4rgmisse p\u00f5lvkonda. Lauluga t\u00e4histab ta kodupiirkonna, kuhu tungides peab v\u00f5\u00f5ras arvestama koslepiga.<\/p>\n<p>Emaslinnule on laul m\u00e4rk isase kvaliteedist \u2013 mida valjem ja mitmekesisem laul, seda suurem on t\u00f5en\u00e4osus, et tegu on v\u00e4\u00e4rt partneriga, kellega tasub leivad \u00fchte kappi panna. Pikka aega arvati, et laulmine on isaslindude p\u00e4rusmaa, kuid n\u00fc\u00fcdseks on \u00fcha rohkem teavet ka emaste laulu kohta. Emased ei laula siiski nii k\u00f5lavalt kui isased. Laul on ka oluline \u00fcldise info vahetamiseks \u2013 kuulatakse teiste liikide laulu, eriti hoiatush\u00e4\u00e4litsusi, ja k\u00e4itutakse vastavalt, nt p\u00f5genetakse ohu eest v\u00f5i vastupidi, r\u00fcnnatakse kiskjat koos.<\/p>\n<p>Oled juba tellija?Logi sisse<\/p>\n<p><a href=\"https:\/\/forte.delfi.ee\/artikkel\/120573438\/ornitoloog-selgitab-kuidas-suudab-vaike-linnuke-nii-tugevat-haalt-teha-kas-linnu-laul-linnas-ja-metsas-erineb\/kommentaarid\" class=\"article-body-bottom__comment article-body-bottom__comment--write button button--primary button--size-auto\" rel=\"nofollow noopener\" target=\"_blank\"> Kommenteeri <\/a><a href=\"https:\/\/forte.delfi.ee\/artikkel\/120573438\/ornitoloog-selgitab-kuidas-suudab-vaike-linnuke-nii-tugevat-haalt-teha-kas-linnu-laul-linnas-ja-metsas-erineb\/kommentaarid\" class=\"article-body-bottom__comment article-body-bottom__comment--read button button--size-auto\" rel=\"nofollow noopener\" target=\"_blank\"> Loe kommentaare (8)<\/a><\/p>\n","protected":false},"excerpt":{"rendered":"M\u00f5nele laul, teisele t\u00fc\u00fctu heli, mis kostab ka l\u00e4bi kinnise akna ja peletab une. Linnule ei maksa laulmist&hellip;\n","protected":false},"author":2,"featured_media":171615,"comment_status":"","ping_status":"","sticky":false,"template":"","format":"standard","meta":{"footnotes":"","_share_on_mastodon":"0"},"categories":[16],"tags":[37,33,35,173,34,36,1156,140],"class_list":["post-171614","post","type-post","status-publish","format-standard","has-post-thumbnail","category-meelelahutus","tag-ee","tag-eesti","tag-eesti-keel","tag-entertainment","tag-estonia","tag-estonian","tag-linnud","tag-meelelahutus"],"share_on_mastodon":{"url":"https:\/\/pubeurope.com\/@ee\/116529290635667121","error":""},"_links":{"self":[{"href":"https:\/\/www.europesays.com\/ee\/wp-json\/wp\/v2\/posts\/171614","targetHints":{"allow":["GET"]}}],"collection":[{"href":"https:\/\/www.europesays.com\/ee\/wp-json\/wp\/v2\/posts"}],"about":[{"href":"https:\/\/www.europesays.com\/ee\/wp-json\/wp\/v2\/types\/post"}],"author":[{"embeddable":true,"href":"https:\/\/www.europesays.com\/ee\/wp-json\/wp\/v2\/users\/2"}],"replies":[{"embeddable":true,"href":"https:\/\/www.europesays.com\/ee\/wp-json\/wp\/v2\/comments?post=171614"}],"version-history":[{"count":0,"href":"https:\/\/www.europesays.com\/ee\/wp-json\/wp\/v2\/posts\/171614\/revisions"}],"wp:featuredmedia":[{"embeddable":true,"href":"https:\/\/www.europesays.com\/ee\/wp-json\/wp\/v2\/media\/171615"}],"wp:attachment":[{"href":"https:\/\/www.europesays.com\/ee\/wp-json\/wp\/v2\/media?parent=171614"}],"wp:term":[{"taxonomy":"category","embeddable":true,"href":"https:\/\/www.europesays.com\/ee\/wp-json\/wp\/v2\/categories?post=171614"},{"taxonomy":"post_tag","embeddable":true,"href":"https:\/\/www.europesays.com\/ee\/wp-json\/wp\/v2\/tags?post=171614"}],"curies":[{"name":"wp","href":"https:\/\/api.w.org\/{rel}","templated":true}]}}